{"id":12885,"date":"2019-05-22T15:59:59","date_gmt":"2019-05-22T22:59:59","guid":{"rendered":"https:\/\/iibayarea.local\/en-busca-de-refugio-en-estados-unidos-una-familia-se-reune-en-el-area-de-la-bahia\/"},"modified":"2025-11-13T16:17:13","modified_gmt":"2025-11-14T00:17:13","slug":"en-busca-de-refugio-en-estados-unidos-una-familia-se-reune-en-el-area-de-la-bahia","status":"publish","type":"post","link":"https:\/\/iibayarea.org\/es\/immigrant-voices-es\/en-busca-de-refugio-en-estados-unidos-una-familia-se-reune-en-el-area-de-la-bahia\/","title":{"rendered":"En busca de refugio en Estados Unidos, una familia se re\u00fane en el \u00c1rea de la Bah\u00eda"},"content":{"rendered":"\n<figure class=\"wp-block-image\"><img loading=\"lazy\" decoding=\"async\" width=\"1024\" height=\"512\" src=\"https:\/\/iibayarea.org\/wp-content\/uploads\/2019\/10\/santos-1-1024x512.jpg\" alt=\"\" class=\"wp-image-8617\" srcset=\"https:\/\/iibayarea.org\/wp-content\/uploads\/2019\/10\/santos-1-1024x512.jpg 1024w, https:\/\/iibayarea.org\/wp-content\/uploads\/2019\/10\/santos-1-150x75.jpg 150w, https:\/\/iibayarea.org\/wp-content\/uploads\/2019\/10\/santos-1-512x256.jpg 512w, https:\/\/iibayarea.org\/wp-content\/uploads\/2019\/10\/santos-1-768x384.jpg 768w, https:\/\/iibayarea.org\/wp-content\/uploads\/2019\/10\/santos-1-256x128.jpg 256w, https:\/\/iibayarea.org\/wp-content\/uploads\/2019\/10\/santos-1.jpg 1200w\" sizes=\"auto, (max-width: 1024px) 100vw, 1024px\" \/><\/figure>\n\n<p>Huyendo de la violencia y la pobreza en su pueblo rural de Guatemala, Santos vino a Estados Unidos en busca de una vida mejor para su familia.<\/p>\n\n<p>En Oakland, California, Santos busc\u00f3 la ayuda del Instituto de Inmigraci\u00f3n del \u00c1rea de la Bah\u00eda (IIBA). El personal jur\u00eddico del IIBA la ayud\u00f3 a solicitar ayuda humanitaria, y le concedieron un visado U debido a los malos tratos que hab\u00eda sufrido a manos de su ex pareja. <br\/><br\/>Con la ayuda del IIBA, Santos solicit\u00f3 que sus hijos se reunieran con ella en Estados Unidos. Tard\u00f3 m\u00e1s de doce a\u00f1os, pero por fin ella y sus cinco hijos est\u00e1n a salvo juntos en Oakland. <br\/><br\/>\u00abEstoy contento de volver a vivir una vida tranquila\u00bb, dijo Santos.<\/p>\n","protected":false},"excerpt":{"rendered":"<p>Huyendo de la violencia y la pobreza en su pueblo rural de Guatemala, Santos vino a Estados Unidos en busca de una vida mejor para su familia.En Oakland, California, Santos busc\u00f3 la ayuda del Instituto de Inmigraci\u00f3n del \u00c1rea de la Bah\u00eda (IIBA). El personal jur\u00eddico del IIBA la ayud\u00f3 a solicitar ayuda humanitaria, y le concedieron un visado U debido a los malos tratos que hab\u00eda sufrido a manos de su ex pareja. <\/p>\n","protected":false},"author":3,"featured_media":8616,"comment_status":"closed","ping_status":"open","sticky":false,"template":"","format":"standard","meta":{"_acf_changed":false,"footnotes":""},"categories":[1471],"tags":[],"region":[],"class_list":["post-12885","post","type-post","status-publish","format-standard","has-post-thumbnail","hentry","category-immigrant-voices-es"],"acf":[],"featured_image_urls_v2":{"full":["https:\/\/iibayarea.org\/wp-content\/uploads\/2019\/10\/santos.jpg",1200,600,false],"thumbnail":["https:\/\/iibayarea.org\/wp-content\/uploads\/2019\/10\/santos-150x75.jpg",150,75,true],"medium":["https:\/\/iibayarea.org\/wp-content\/uploads\/2019\/10\/santos-512x256.jpg",512,256,true],"medium_large":["https:\/\/iibayarea.org\/wp-content\/uploads\/2019\/10\/santos-768x384.jpg",768,384,true],"large":["https:\/\/iibayarea.org\/wp-content\/uploads\/2019\/10\/santos-1024x512.jpg",1024,512,true],"1536x1536":["https:\/\/iibayarea.org\/wp-content\/uploads\/2019\/10\/santos.jpg",1200,600,false],"2048x2048":["https:\/\/iibayarea.org\/wp-content\/uploads\/2019\/10\/santos.jpg",1200,600,false],"gform-image-choice-sm":["https:\/\/iibayarea.org\/wp-content\/uploads\/2019\/10\/santos.jpg",300,150,false],"gform-image-choice-md":["https:\/\/iibayarea.org\/wp-content\/uploads\/2019\/10\/santos.jpg",400,200,false],"gform-image-choice-lg":["https:\/\/iibayarea.org\/wp-content\/uploads\/2019\/10\/santos.jpg",600,300,false]},"post_excerpt_stackable_v2":"<p>Huyendo de la violencia y la pobreza en su pueblo rural de Guatemala, Santos vino a Estados Unidos en busca de una vida mejor para su familia.En Oakland, California, Santos busc\u00f3 la ayuda del Instituto de Inmigraci\u00f3n del \u00c1rea de la Bah\u00eda (IIBA). El personal jur\u00eddico del IIBA la ayud\u00f3 a solicitar ayuda humanitaria, y le concedieron un visado U debido a los malos tratos que hab\u00eda sufrido a manos de su ex pareja. <\/p>\n","category_list_v2":"<a href=\"https:\/\/iibayarea.org\/es\/categoria\/immigrant-voices-es\/\" rel=\"category tag\">Immigrant Voices<\/a>","author_info_v2":{"name":"Isabella Alvarenga","url":"https:\/\/iibayarea.org\/es\/author\/isabella\/"},"comments_num_v2":"0 comentarios","yoast_head":"<!-- This site is optimized with the Yoast SEO plugin v27.5 - https:\/\/yoast.com\/product\/yoast-seo-wordpress\/ -->\n<title>En busca de refugio en Estados Unidos, una familia se re\u00fane en el \u00c1rea de la Bah\u00eda | Immigration Institute of the Bay Area<\/title>\n<meta name=\"robots\" content=\"index, follow, max-snippet:-1, max-image-preview:large, max-video-preview:-1\" \/>\n<link rel=\"canonical\" href=\"https:\/\/iibayarea.org\/es\/immigrant-voices-es\/en-busca-de-refugio-en-estados-unidos-una-familia-se-reune-en-el-area-de-la-bahia\/\" \/>\n<meta property=\"og:locale\" content=\"es_ES\" \/>\n<meta property=\"og:type\" content=\"article\" \/>\n<meta property=\"og:title\" content=\"En busca de refugio en Estados Unidos, una familia se re\u00fane en el \u00c1rea de la Bah\u00eda | Immigration Institute of the Bay Area\" \/>\n<meta property=\"og:description\" content=\"Huyendo de la violencia y la pobreza en su pueblo rural de Guatemala, Santos vino a Estados Unidos en busca de una vida mejor para su familia.En Oakland, California, Santos busc\u00f3 la ayuda del Instituto de Inmigraci\u00f3n del \u00c1rea de la Bah\u00eda (IIBA). El personal jur\u00eddico del IIBA la ayud\u00f3 a solicitar ayuda humanitaria, y le concedieron un visado U debido a los malos tratos que hab\u00eda sufrido a manos de su ex pareja.\" \/>\n<meta property=\"og:url\" content=\"https:\/\/iibayarea.org\/es\/immigrant-voices-es\/en-busca-de-refugio-en-estados-unidos-una-familia-se-reune-en-el-area-de-la-bahia\/\" \/>\n<meta property=\"og:site_name\" content=\"Immigration Institute of the Bay Area\" \/>\n<meta property=\"article:publisher\" content=\"https:\/\/facebook.com\/iiba1918\" \/>\n<meta property=\"article:published_time\" content=\"2019-05-22T22:59:59+00:00\" \/>\n<meta property=\"article:modified_time\" content=\"2025-11-14T00:17:13+00:00\" \/>\n<meta property=\"og:image\" content=\"https:\/\/iibayarea.org\/wp-content\/uploads\/2019\/10\/santos.jpg\" \/>\n\t<meta property=\"og:image:width\" content=\"1200\" \/>\n\t<meta property=\"og:image:height\" content=\"600\" \/>\n\t<meta property=\"og:image:type\" content=\"image\/jpeg\" \/>\n<meta name=\"author\" content=\"Isabella Alvarenga\" \/>\n<meta name=\"twitter:card\" content=\"summary_large_image\" \/>\n<meta name=\"twitter:creator\" content=\"@IIBA1918\" \/>\n<meta name=\"twitter:site\" content=\"@IIBA1918\" \/>\n<meta name=\"twitter:label1\" content=\"Escrito por\" \/>\n\t<meta name=\"twitter:data1\" content=\"Isabella Alvarenga\" \/>\n\t<meta name=\"twitter:label2\" content=\"Tiempo de lectura\" \/>\n\t<meta name=\"twitter:data2\" content=\"1 minuto\" \/>\n<script type=\"application\/ld+json\" class=\"yoast-schema-graph\">{\"@context\":\"https:\\\/\\\/schema.org\",\"@graph\":[{\"@type\":\"Article\",\"@id\":\"https:\\\/\\\/iibayarea.org\\\/es\\\/immigrant-voices-es\\\/en-busca-de-refugio-en-estados-unidos-una-familia-se-reune-en-el-area-de-la-bahia\\\/#article\",\"isPartOf\":{\"@id\":\"https:\\\/\\\/iibayarea.org\\\/es\\\/immigrant-voices-es\\\/en-busca-de-refugio-en-estados-unidos-una-familia-se-reune-en-el-area-de-la-bahia\\\/\"},\"author\":{\"name\":\"Isabella Alvarenga\",\"@id\":\"https:\\\/\\\/iibayarea.org\\\/es\\\/#\\\/schema\\\/person\\\/6bb932f4371a0161e2c62c8020fbb8da\"},\"headline\":\"En busca de refugio en Estados Unidos, una familia se re\u00fane en el \u00c1rea de la Bah\u00eda\",\"datePublished\":\"2019-05-22T22:59:59+00:00\",\"dateModified\":\"2025-11-14T00:17:13+00:00\",\"mainEntityOfPage\":{\"@id\":\"https:\\\/\\\/iibayarea.org\\\/es\\\/immigrant-voices-es\\\/en-busca-de-refugio-en-estados-unidos-una-familia-se-reune-en-el-area-de-la-bahia\\\/\"},\"wordCount\":148,\"publisher\":{\"@id\":\"https:\\\/\\\/iibayarea.org\\\/es\\\/#organization\"},\"image\":{\"@id\":\"https:\\\/\\\/iibayarea.org\\\/es\\\/immigrant-voices-es\\\/en-busca-de-refugio-en-estados-unidos-una-familia-se-reune-en-el-area-de-la-bahia\\\/#primaryimage\"},\"thumbnailUrl\":\"https:\\\/\\\/iibayarea.org\\\/wp-content\\\/uploads\\\/2019\\\/10\\\/santos.jpg\",\"articleSection\":[\"Immigrant Voices\"],\"inLanguage\":\"es\"},{\"@type\":\"WebPage\",\"@id\":\"https:\\\/\\\/iibayarea.org\\\/es\\\/immigrant-voices-es\\\/en-busca-de-refugio-en-estados-unidos-una-familia-se-reune-en-el-area-de-la-bahia\\\/\",\"url\":\"https:\\\/\\\/iibayarea.org\\\/es\\\/immigrant-voices-es\\\/en-busca-de-refugio-en-estados-unidos-una-familia-se-reune-en-el-area-de-la-bahia\\\/\",\"name\":\"En busca de refugio en Estados Unidos, una familia se re\u00fane en el \u00c1rea de la Bah\u00eda | Immigration Institute of the Bay Area\",\"isPartOf\":{\"@id\":\"https:\\\/\\\/iibayarea.org\\\/es\\\/#website\"},\"primaryImageOfPage\":{\"@id\":\"https:\\\/\\\/iibayarea.org\\\/es\\\/immigrant-voices-es\\\/en-busca-de-refugio-en-estados-unidos-una-familia-se-reune-en-el-area-de-la-bahia\\\/#primaryimage\"},\"image\":{\"@id\":\"https:\\\/\\\/iibayarea.org\\\/es\\\/immigrant-voices-es\\\/en-busca-de-refugio-en-estados-unidos-una-familia-se-reune-en-el-area-de-la-bahia\\\/#primaryimage\"},\"thumbnailUrl\":\"https:\\\/\\\/iibayarea.org\\\/wp-content\\\/uploads\\\/2019\\\/10\\\/santos.jpg\",\"datePublished\":\"2019-05-22T22:59:59+00:00\",\"dateModified\":\"2025-11-14T00:17:13+00:00\",\"breadcrumb\":{\"@id\":\"https:\\\/\\\/iibayarea.org\\\/es\\\/immigrant-voices-es\\\/en-busca-de-refugio-en-estados-unidos-una-familia-se-reune-en-el-area-de-la-bahia\\\/#breadcrumb\"},\"inLanguage\":\"es\",\"potentialAction\":[{\"@type\":\"ReadAction\",\"target\":[\"https:\\\/\\\/iibayarea.org\\\/es\\\/immigrant-voices-es\\\/en-busca-de-refugio-en-estados-unidos-una-familia-se-reune-en-el-area-de-la-bahia\\\/\"]}]},{\"@type\":\"ImageObject\",\"inLanguage\":\"es\",\"@id\":\"https:\\\/\\\/iibayarea.org\\\/es\\\/immigrant-voices-es\\\/en-busca-de-refugio-en-estados-unidos-una-familia-se-reune-en-el-area-de-la-bahia\\\/#primaryimage\",\"url\":\"https:\\\/\\\/iibayarea.org\\\/wp-content\\\/uploads\\\/2019\\\/10\\\/santos.jpg\",\"contentUrl\":\"https:\\\/\\\/iibayarea.org\\\/wp-content\\\/uploads\\\/2019\\\/10\\\/santos.jpg\",\"width\":1200,\"height\":600},{\"@type\":\"BreadcrumbList\",\"@id\":\"https:\\\/\\\/iibayarea.org\\\/es\\\/immigrant-voices-es\\\/en-busca-de-refugio-en-estados-unidos-una-familia-se-reune-en-el-area-de-la-bahia\\\/#breadcrumb\",\"itemListElement\":[{\"@type\":\"ListItem\",\"position\":1,\"name\":\"Home\",\"item\":\"https:\\\/\\\/iibayarea.org\\\/es\\\/\"},{\"@type\":\"ListItem\",\"position\":2,\"name\":\"En busca de refugio en Estados Unidos, una familia se re\u00fane en el \u00c1rea de la Bah\u00eda\"}]},{\"@type\":\"WebSite\",\"@id\":\"https:\\\/\\\/iibayarea.org\\\/es\\\/#website\",\"url\":\"https:\\\/\\\/iibayarea.org\\\/es\\\/\",\"name\":\"Immigration Institute of the Bay Area\",\"description\":\"a nonprofit providing immigration legal services\",\"publisher\":{\"@id\":\"https:\\\/\\\/iibayarea.org\\\/es\\\/#organization\"},\"potentialAction\":[{\"@type\":\"SearchAction\",\"target\":{\"@type\":\"EntryPoint\",\"urlTemplate\":\"https:\\\/\\\/iibayarea.org\\\/es\\\/?s={search_term_string}\"},\"query-input\":{\"@type\":\"PropertyValueSpecification\",\"valueRequired\":true,\"valueName\":\"search_term_string\"}}],\"inLanguage\":\"es\"},{\"@type\":\"Organization\",\"@id\":\"https:\\\/\\\/iibayarea.org\\\/es\\\/#organization\",\"name\":\"Immigration Institute of the Bay Area (IIBA)\",\"url\":\"https:\\\/\\\/iibayarea.org\\\/es\\\/\",\"logo\":{\"@type\":\"ImageObject\",\"inLanguage\":\"es\",\"@id\":\"https:\\\/\\\/iibayarea.org\\\/es\\\/#\\\/schema\\\/logo\\\/image\\\/\",\"url\":\"https:\\\/\\\/iibayarea.org\\\/wp-content\\\/uploads\\\/2022\\\/06\\\/Logo_Full_Name.png\",\"contentUrl\":\"https:\\\/\\\/iibayarea.org\\\/wp-content\\\/uploads\\\/2022\\\/06\\\/Logo_Full_Name.png\",\"width\":4800,\"height\":1200,\"caption\":\"Immigration Institute of the Bay Area (IIBA)\"},\"image\":{\"@id\":\"https:\\\/\\\/iibayarea.org\\\/es\\\/#\\\/schema\\\/logo\\\/image\\\/\"},\"sameAs\":[\"https:\\\/\\\/facebook.com\\\/iiba1918\",\"https:\\\/\\\/x.com\\\/IIBA1918\",\"https:\\\/\\\/www.instagram.com\\\/iiba1918\\\/\",\"https:\\\/\\\/www.linkedin.com\\\/company\\\/international-institute-of-the-bay-area\"]},{\"@type\":\"Person\",\"@id\":\"https:\\\/\\\/iibayarea.org\\\/es\\\/#\\\/schema\\\/person\\\/6bb932f4371a0161e2c62c8020fbb8da\",\"name\":\"Isabella Alvarenga\",\"image\":{\"@type\":\"ImageObject\",\"inLanguage\":\"es\",\"@id\":\"https:\\\/\\\/secure.gravatar.com\\\/avatar\\\/b2bd89dff5e8c2c4c3b119a8ea4e74bc044ce45fbe306c48486759f8294a661d?s=96&d=mm&r=g\",\"url\":\"https:\\\/\\\/secure.gravatar.com\\\/avatar\\\/b2bd89dff5e8c2c4c3b119a8ea4e74bc044ce45fbe306c48486759f8294a661d?s=96&d=mm&r=g\",\"contentUrl\":\"https:\\\/\\\/secure.gravatar.com\\\/avatar\\\/b2bd89dff5e8c2c4c3b119a8ea4e74bc044ce45fbe306c48486759f8294a661d?s=96&d=mm&r=g\",\"caption\":\"Isabella Alvarenga\"},\"url\":\"https:\\\/\\\/iibayarea.org\\\/es\\\/author\\\/isabella\\\/\"}]}<\/script>\n<!-- \/ Yoast SEO plugin. -->","yoast_head_json":{"title":"En busca de refugio en Estados Unidos, una familia se re\u00fane en el \u00c1rea de la Bah\u00eda | Immigration Institute of the Bay Area","robots":{"index":"index","follow":"follow","max-snippet":"max-snippet:-1","max-image-preview":"max-image-preview:large","max-video-preview":"max-video-preview:-1"},"canonical":"https:\/\/iibayarea.org\/es\/immigrant-voices-es\/en-busca-de-refugio-en-estados-unidos-una-familia-se-reune-en-el-area-de-la-bahia\/","og_locale":"es_ES","og_type":"article","og_title":"En busca de refugio en Estados Unidos, una familia se re\u00fane en el \u00c1rea de la Bah\u00eda | Immigration Institute of the Bay Area","og_description":"Huyendo de la violencia y la pobreza en su pueblo rural de Guatemala, Santos vino a Estados Unidos en busca de una vida mejor para su familia.En Oakland, California, Santos busc\u00f3 la ayuda del Instituto de Inmigraci\u00f3n del \u00c1rea de la Bah\u00eda (IIBA). El personal jur\u00eddico del IIBA la ayud\u00f3 a solicitar ayuda humanitaria, y le concedieron un visado U debido a los malos tratos que hab\u00eda sufrido a manos de su ex pareja.","og_url":"https:\/\/iibayarea.org\/es\/immigrant-voices-es\/en-busca-de-refugio-en-estados-unidos-una-familia-se-reune-en-el-area-de-la-bahia\/","og_site_name":"Immigration Institute of the Bay Area","article_publisher":"https:\/\/facebook.com\/iiba1918","article_published_time":"2019-05-22T22:59:59+00:00","article_modified_time":"2025-11-14T00:17:13+00:00","og_image":[{"width":1200,"height":600,"url":"https:\/\/iibayarea.org\/wp-content\/uploads\/2019\/10\/santos.jpg","type":"image\/jpeg"}],"author":"Isabella Alvarenga","twitter_card":"summary_large_image","twitter_creator":"@IIBA1918","twitter_site":"@IIBA1918","twitter_misc":{"Escrito por":"Isabella Alvarenga","Tiempo de lectura":"1 minuto"},"schema":{"@context":"https:\/\/schema.org","@graph":[{"@type":"Article","@id":"https:\/\/iibayarea.org\/es\/immigrant-voices-es\/en-busca-de-refugio-en-estados-unidos-una-familia-se-reune-en-el-area-de-la-bahia\/#article","isPartOf":{"@id":"https:\/\/iibayarea.org\/es\/immigrant-voices-es\/en-busca-de-refugio-en-estados-unidos-una-familia-se-reune-en-el-area-de-la-bahia\/"},"author":{"name":"Isabella Alvarenga","@id":"https:\/\/iibayarea.org\/es\/#\/schema\/person\/6bb932f4371a0161e2c62c8020fbb8da"},"headline":"En busca de refugio en Estados Unidos, una familia se re\u00fane en el \u00c1rea de la Bah\u00eda","datePublished":"2019-05-22T22:59:59+00:00","dateModified":"2025-11-14T00:17:13+00:00","mainEntityOfPage":{"@id":"https:\/\/iibayarea.org\/es\/immigrant-voices-es\/en-busca-de-refugio-en-estados-unidos-una-familia-se-reune-en-el-area-de-la-bahia\/"},"wordCount":148,"publisher":{"@id":"https:\/\/iibayarea.org\/es\/#organization"},"image":{"@id":"https:\/\/iibayarea.org\/es\/immigrant-voices-es\/en-busca-de-refugio-en-estados-unidos-una-familia-se-reune-en-el-area-de-la-bahia\/#primaryimage"},"thumbnailUrl":"https:\/\/iibayarea.org\/wp-content\/uploads\/2019\/10\/santos.jpg","articleSection":["Immigrant Voices"],"inLanguage":"es"},{"@type":"WebPage","@id":"https:\/\/iibayarea.org\/es\/immigrant-voices-es\/en-busca-de-refugio-en-estados-unidos-una-familia-se-reune-en-el-area-de-la-bahia\/","url":"https:\/\/iibayarea.org\/es\/immigrant-voices-es\/en-busca-de-refugio-en-estados-unidos-una-familia-se-reune-en-el-area-de-la-bahia\/","name":"En busca de refugio en Estados Unidos, una familia se re\u00fane en el \u00c1rea de la Bah\u00eda | Immigration Institute of the Bay Area","isPartOf":{"@id":"https:\/\/iibayarea.org\/es\/#website"},"primaryImageOfPage":{"@id":"https:\/\/iibayarea.org\/es\/immigrant-voices-es\/en-busca-de-refugio-en-estados-unidos-una-familia-se-reune-en-el-area-de-la-bahia\/#primaryimage"},"image":{"@id":"https:\/\/iibayarea.org\/es\/immigrant-voices-es\/en-busca-de-refugio-en-estados-unidos-una-familia-se-reune-en-el-area-de-la-bahia\/#primaryimage"},"thumbnailUrl":"https:\/\/iibayarea.org\/wp-content\/uploads\/2019\/10\/santos.jpg","datePublished":"2019-05-22T22:59:59+00:00","dateModified":"2025-11-14T00:17:13+00:00","breadcrumb":{"@id":"https:\/\/iibayarea.org\/es\/immigrant-voices-es\/en-busca-de-refugio-en-estados-unidos-una-familia-se-reune-en-el-area-de-la-bahia\/#breadcrumb"},"inLanguage":"es","potentialAction":[{"@type":"ReadAction","target":["https:\/\/iibayarea.org\/es\/immigrant-voices-es\/en-busca-de-refugio-en-estados-unidos-una-familia-se-reune-en-el-area-de-la-bahia\/"]}]},{"@type":"ImageObject","inLanguage":"es","@id":"https:\/\/iibayarea.org\/es\/immigrant-voices-es\/en-busca-de-refugio-en-estados-unidos-una-familia-se-reune-en-el-area-de-la-bahia\/#primaryimage","url":"https:\/\/iibayarea.org\/wp-content\/uploads\/2019\/10\/santos.jpg","contentUrl":"https:\/\/iibayarea.org\/wp-content\/uploads\/2019\/10\/santos.jpg","width":1200,"height":600},{"@type":"BreadcrumbList","@id":"https:\/\/iibayarea.org\/es\/immigrant-voices-es\/en-busca-de-refugio-en-estados-unidos-una-familia-se-reune-en-el-area-de-la-bahia\/#breadcrumb","itemListElement":[{"@type":"ListItem","position":1,"name":"Home","item":"https:\/\/iibayarea.org\/es\/"},{"@type":"ListItem","position":2,"name":"En busca de refugio en Estados Unidos, una familia se re\u00fane en el \u00c1rea de la Bah\u00eda"}]},{"@type":"WebSite","@id":"https:\/\/iibayarea.org\/es\/#website","url":"https:\/\/iibayarea.org\/es\/","name":"Immigration Institute of the Bay Area","description":"a nonprofit providing immigration legal services","publisher":{"@id":"https:\/\/iibayarea.org\/es\/#organization"},"potentialAction":[{"@type":"SearchAction","target":{"@type":"EntryPoint","urlTemplate":"https:\/\/iibayarea.org\/es\/?s={search_term_string}"},"query-input":{"@type":"PropertyValueSpecification","valueRequired":true,"valueName":"search_term_string"}}],"inLanguage":"es"},{"@type":"Organization","@id":"https:\/\/iibayarea.org\/es\/#organization","name":"Immigration Institute of the Bay Area (IIBA)","url":"https:\/\/iibayarea.org\/es\/","logo":{"@type":"ImageObject","inLanguage":"es","@id":"https:\/\/iibayarea.org\/es\/#\/schema\/logo\/image\/","url":"https:\/\/iibayarea.org\/wp-content\/uploads\/2022\/06\/Logo_Full_Name.png","contentUrl":"https:\/\/iibayarea.org\/wp-content\/uploads\/2022\/06\/Logo_Full_Name.png","width":4800,"height":1200,"caption":"Immigration Institute of the Bay Area (IIBA)"},"image":{"@id":"https:\/\/iibayarea.org\/es\/#\/schema\/logo\/image\/"},"sameAs":["https:\/\/facebook.com\/iiba1918","https:\/\/x.com\/IIBA1918","https:\/\/www.instagram.com\/iiba1918\/","https:\/\/www.linkedin.com\/company\/international-institute-of-the-bay-area"]},{"@type":"Person","@id":"https:\/\/iibayarea.org\/es\/#\/schema\/person\/6bb932f4371a0161e2c62c8020fbb8da","name":"Isabella Alvarenga","image":{"@type":"ImageObject","inLanguage":"es","@id":"https:\/\/secure.gravatar.com\/avatar\/b2bd89dff5e8c2c4c3b119a8ea4e74bc044ce45fbe306c48486759f8294a661d?s=96&d=mm&r=g","url":"https:\/\/secure.gravatar.com\/avatar\/b2bd89dff5e8c2c4c3b119a8ea4e74bc044ce45fbe306c48486759f8294a661d?s=96&d=mm&r=g","contentUrl":"https:\/\/secure.gravatar.com\/avatar\/b2bd89dff5e8c2c4c3b119a8ea4e74bc044ce45fbe306c48486759f8294a661d?s=96&d=mm&r=g","caption":"Isabella Alvarenga"},"url":"https:\/\/iibayarea.org\/es\/author\/isabella\/"}]}},"_links":{"self":[{"href":"https:\/\/iibayarea.org\/es\/wp-json\/wp\/v2\/posts\/12885","targetHints":{"allow":["GET"]}}],"collection":[{"href":"https:\/\/iibayarea.org\/es\/wp-json\/wp\/v2\/posts"}],"about":[{"href":"https:\/\/iibayarea.org\/es\/wp-json\/wp\/v2\/types\/post"}],"author":[{"embeddable":true,"href":"https:\/\/iibayarea.org\/es\/wp-json\/wp\/v2\/users\/3"}],"replies":[{"embeddable":true,"href":"https:\/\/iibayarea.org\/es\/wp-json\/wp\/v2\/comments?post=12885"}],"version-history":[{"count":0,"href":"https:\/\/iibayarea.org\/es\/wp-json\/wp\/v2\/posts\/12885\/revisions"}],"wp:featuredmedia":[{"embeddable":true,"href":"https:\/\/iibayarea.org\/es\/wp-json\/wp\/v2\/media\/8616"}],"wp:attachment":[{"href":"https:\/\/iibayarea.org\/es\/wp-json\/wp\/v2\/media?parent=12885"}],"wp:term":[{"taxonomy":"category","embeddable":true,"href":"https:\/\/iibayarea.org\/es\/wp-json\/wp\/v2\/categories?post=12885"},{"taxonomy":"post_tag","embeddable":true,"href":"https:\/\/iibayarea.org\/es\/wp-json\/wp\/v2\/tags?post=12885"},{"taxonomy":"region","embeddable":true,"href":"https:\/\/iibayarea.org\/es\/wp-json\/wp\/v2\/region?post=12885"}],"curies":[{"name":"wp","href":"https:\/\/api.w.org\/{rel}","templated":true}]}}