{"id":12887,"date":"2019-10-22T15:39:18","date_gmt":"2019-10-22T22:39:18","guid":{"rendered":"https:\/\/iibayarea.local\/clientes-del-iiba-maria-y-roberto\/"},"modified":"2025-11-13T16:17:13","modified_gmt":"2025-11-14T00:17:13","slug":"clientes-del-iiba-maria-y-roberto","status":"publish","type":"post","link":"https:\/\/iibayarea.org\/es\/immigrant-voices-es\/clientes-del-iiba-maria-y-roberto\/","title":{"rendered":"Clientes del IIBA: Mar\u00eda y Roberto"},"content":{"rendered":"\n<figure class=\"wp-block-image\"><img loading=\"lazy\" decoding=\"async\" width=\"1024\" height=\"576\" src=\"https:\/\/iibayarea.org\/wp-content\/uploads\/2019\/10\/Maria-and-Roberto--1024x576.jpg\" alt=\"\" class=\"wp-image-8608\" srcset=\"https:\/\/iibayarea.org\/wp-content\/uploads\/2019\/10\/Maria-and-Roberto--1024x576.jpg 1024w, https:\/\/iibayarea.org\/wp-content\/uploads\/2019\/10\/Maria-and-Roberto--150x84.jpg 150w, https:\/\/iibayarea.org\/wp-content\/uploads\/2019\/10\/Maria-and-Roberto--512x288.jpg 512w, https:\/\/iibayarea.org\/wp-content\/uploads\/2019\/10\/Maria-and-Roberto--768x432.jpg 768w, https:\/\/iibayarea.org\/wp-content\/uploads\/2019\/10\/Maria-and-Roberto--256x144.jpg 256w, https:\/\/iibayarea.org\/wp-content\/uploads\/2019\/10\/Maria-and-Roberto-.jpg 1200w\" sizes=\"auto, (max-width: 1024px) 100vw, 1024px\" \/><\/figure>\n\n<p>En 2014, Mar\u00eda y Roberto llegaron por fin al \u00c1rea de la Bah\u00eda para vivir con su familia, tras esperar diecis\u00e9is a\u00f1os en El Salvador a que se aprobara su tarjeta de residencia.  <\/p>\n\n<p>Mar\u00eda y Roberto, casados desde hace 41 a\u00f1os, vinieron a Estados Unidos en busca de seguridad y oportunidades.  <\/p>\n\n<p>\u00abHay m\u00e1s oportunidades de vivir mejor y sin problemas\u00bb, dijo Roberto. \u00abQuiero volver a trabajar. Mi sue\u00f1o es ser profesor de espa\u00f1ol\u00bb.   <\/p>\n\n<p>Al cabo de cinco a\u00f1os, pod\u00edan solicitar la nacionalidad. En junio, acudieron al taller de ciudadan\u00eda del IIBA en Fremont para que les ayudaran con sus solicitudes.   <\/p>\n\n<p>\u00abCuando fui al taller, nos preocupaba ir porque nuestro ingl\u00e9s no es perfecto\u00bb, dijo Roberto.  <\/p>\n\n<p>Sin embargo, a Mar\u00eda y Roberto el proceso les result\u00f3 muy f\u00e1cil porque el voluntario que les asignaron les ayud\u00f3 a rellenar todos los papeles. A continuaci\u00f3n, recibieron una revisi\u00f3n jur\u00eddica por parte de un representante legal cualificado.   <\/p>\n\n<p>\u00abCuando fui en El Salvador a la embajada, es muy dif\u00edcil porque a veces la persona es fr\u00eda. Pero aqu\u00ed, es como una familia\u00bb, dijo Roberto.  <\/p>\n\n<p>Estudian todos los d\u00edas para el examen de ciudadan\u00eda y asisten a clases de ingl\u00e9s tres veces por semana. Lo que m\u00e1s les entusiasma es votar en las pr\u00f3ximas elecciones si su solicitud se aprueba a tiempo. El periodo de espera actual para las solicitudes de ciudadan\u00eda en el \u00c1rea de la Bah\u00eda oscila entre 15 y 17 meses. Cabe destacar que, en 2015, el tiempo medio de tramitaci\u00f3n de las solicitudes de ciudadan\u00eda fue inferior a seis meses a nivel nacional.   <\/p>\n\n<figure class=\"wp-block-gallery columns-2 is-cropped wp-block-gallery-1 is-layout-flex wp-block-gallery-is-layout-flex\"><ul class=\"blocks-gallery-grid\"><li class=\"blocks-gallery-item\"><figure><img loading=\"lazy\" decoding=\"async\" width=\"1024\" height=\"768\" src=\"https:\/\/iibayarea.org\/wp-content\/uploads\/2019\/10\/maria-and-roberto-2-1024x768.jpg\" alt=\"\" data-id=\"8610\" data-link=\"https:\/\/iibayarea.org\/?attachment_id=8610\" class=\"wp-image-8610\" srcset=\"https:\/\/iibayarea.org\/wp-content\/uploads\/2019\/10\/maria-and-roberto-2-1024x768.jpg 1024w, https:\/\/iibayarea.org\/wp-content\/uploads\/2019\/10\/maria-and-roberto-2-150x113.jpg 150w, https:\/\/iibayarea.org\/wp-content\/uploads\/2019\/10\/maria-and-roberto-2-512x384.jpg 512w, https:\/\/iibayarea.org\/wp-content\/uploads\/2019\/10\/maria-and-roberto-2-768x576.jpg 768w, https:\/\/iibayarea.org\/wp-content\/uploads\/2019\/10\/maria-and-roberto-2-256x192.jpg 256w, https:\/\/iibayarea.org\/wp-content\/uploads\/2019\/10\/maria-and-roberto-2-128x96.jpg 128w, https:\/\/iibayarea.org\/wp-content\/uploads\/2019\/10\/maria-and-roberto-2.jpg 1200w\" sizes=\"auto, (max-width: 1024px) 100vw, 1024px\" \/><\/figure><\/li><li class=\"blocks-gallery-item\"><figure><img loading=\"lazy\" decoding=\"async\" width=\"1024\" height=\"768\" src=\"https:\/\/iibayarea.org\/wp-content\/uploads\/2020\/07\/maria-and-roberto-1-1024x768-1.jpg\" alt=\"\" data-id=\"9292\" data-full-url=\"https:\/\/iibayarea.org\/wp-content\/uploads\/2020\/07\/maria-and-roberto-1-1024x768-1.jpg\" data-link=\"https:\/\/iibayarea.org\/immigrant-voices\/iiba-clients-maria-and-roberto\/attachment\/maria-and-roberto-1-1024x768-1\/\" class=\"wp-image-9292\" srcset=\"https:\/\/iibayarea.org\/wp-content\/uploads\/2020\/07\/maria-and-roberto-1-1024x768-1.jpg 1024w, https:\/\/iibayarea.org\/wp-content\/uploads\/2020\/07\/maria-and-roberto-1-1024x768-1-512x384.jpg 512w, https:\/\/iibayarea.org\/wp-content\/uploads\/2020\/07\/maria-and-roberto-1-1024x768-1-150x113.jpg 150w, https:\/\/iibayarea.org\/wp-content\/uploads\/2020\/07\/maria-and-roberto-1-1024x768-1-768x576.jpg 768w, https:\/\/iibayarea.org\/wp-content\/uploads\/2020\/07\/maria-and-roberto-1-1024x768-1-256x192.jpg 256w, https:\/\/iibayarea.org\/wp-content\/uploads\/2020\/07\/maria-and-roberto-1-1024x768-1-128x96.jpg 128w\" sizes=\"auto, (max-width: 1024px) 100vw, 1024px\" \/><\/figure><\/li><\/ul><\/figure>\n\n<p class=\"has-text-align-right\"><em>Fotos de Shelly Erceg<\/em><\/p>\n","protected":false},"excerpt":{"rendered":"<p>En 2014, Mar\u00eda y Roberto llegaron por fin al \u00c1rea de la Bah\u00eda para vivir con su familia tras esperar diecis\u00e9is a\u00f1os en El Salvador a que se aprobara su tarjeta de residencia. Mar\u00eda y Roberto, casados desde hace 41 a\u00f1os, vinieron a Estados Unidos en busca de seguridad y oportunidades.   <\/p>\n","protected":false},"author":3,"featured_media":8609,"comment_status":"closed","ping_status":"open","sticky":false,"template":"","format":"standard","meta":{"_acf_changed":false,"footnotes":""},"categories":[1471],"tags":[],"region":[],"class_list":["post-12887","post","type-post","status-publish","format-standard","has-post-thumbnail","hentry","category-immigrant-voices-es"],"acf":[],"featured_image_urls_v2":{"full":["https:\/\/iibayarea.org\/wp-content\/uploads\/2019\/10\/Maria-and-Roberto-.jpg",1200,675,false],"thumbnail":["https:\/\/iibayarea.org\/wp-content\/uploads\/2019\/10\/Maria-and-Roberto--150x84.jpg",150,84,true],"medium":["https:\/\/iibayarea.org\/wp-content\/uploads\/2019\/10\/Maria-and-Roberto--512x288.jpg",512,288,true],"medium_large":["https:\/\/iibayarea.org\/wp-content\/uploads\/2019\/10\/Maria-and-Roberto--768x432.jpg",768,432,true],"large":["https:\/\/iibayarea.org\/wp-content\/uploads\/2019\/10\/Maria-and-Roberto--1024x576.jpg",1024,576,true],"1536x1536":["https:\/\/iibayarea.org\/wp-content\/uploads\/2019\/10\/Maria-and-Roberto-.jpg",1200,675,false],"2048x2048":["https:\/\/iibayarea.org\/wp-content\/uploads\/2019\/10\/Maria-and-Roberto-.jpg",1200,675,false],"gform-image-choice-sm":["https:\/\/iibayarea.org\/wp-content\/uploads\/2019\/10\/Maria-and-Roberto-.jpg",300,169,false],"gform-image-choice-md":["https:\/\/iibayarea.org\/wp-content\/uploads\/2019\/10\/Maria-and-Roberto-.jpg",400,225,false],"gform-image-choice-lg":["https:\/\/iibayarea.org\/wp-content\/uploads\/2019\/10\/Maria-and-Roberto-.jpg",600,338,false]},"post_excerpt_stackable_v2":"<p>En 2014, Mar\u00eda y Roberto llegaron por fin al \u00c1rea de la Bah\u00eda para vivir con su familia tras esperar diecis\u00e9is a\u00f1os en El Salvador a que se aprobara su tarjeta de residencia. Mar\u00eda y Roberto, casados desde hace 41 a\u00f1os, vinieron a Estados Unidos en busca de seguridad y oportunidades.   <\/p>\n","category_list_v2":"<a href=\"https:\/\/iibayarea.org\/es\/categoria\/immigrant-voices-es\/\" rel=\"category tag\">Immigrant Voices<\/a>","author_info_v2":{"name":"Isabella Alvarenga","url":"https:\/\/iibayarea.org\/es\/author\/isabella\/"},"comments_num_v2":"0 comentarios","yoast_head":"<!-- This site is optimized with the Yoast SEO plugin v27.5 - https:\/\/yoast.com\/product\/yoast-seo-wordpress\/ -->\n<title>Clientes del IIBA: Mar\u00eda y Roberto | Immigration Institute of the Bay Area<\/title>\n<meta name=\"robots\" content=\"index, follow, max-snippet:-1, max-image-preview:large, max-video-preview:-1\" \/>\n<link rel=\"canonical\" href=\"https:\/\/iibayarea.org\/es\/immigrant-voices-es\/clientes-del-iiba-maria-y-roberto\/\" \/>\n<meta property=\"og:locale\" content=\"es_ES\" \/>\n<meta property=\"og:type\" content=\"article\" \/>\n<meta property=\"og:title\" content=\"Clientes del IIBA: Mar\u00eda y Roberto | Immigration Institute of the Bay Area\" \/>\n<meta property=\"og:description\" content=\"En 2014, Mar\u00eda y Roberto llegaron por fin al \u00c1rea de la Bah\u00eda para vivir con su familia tras esperar diecis\u00e9is a\u00f1os en El Salvador a que se aprobara su tarjeta de residencia. Mar\u00eda y Roberto, casados desde hace 41 a\u00f1os, vinieron a Estados Unidos en busca de seguridad y oportunidades.\" \/>\n<meta property=\"og:url\" content=\"https:\/\/iibayarea.org\/es\/immigrant-voices-es\/clientes-del-iiba-maria-y-roberto\/\" \/>\n<meta property=\"og:site_name\" content=\"Immigration Institute of the Bay Area\" \/>\n<meta property=\"article:publisher\" content=\"https:\/\/facebook.com\/iiba1918\" \/>\n<meta property=\"article:published_time\" content=\"2019-10-22T22:39:18+00:00\" \/>\n<meta property=\"article:modified_time\" content=\"2025-11-14T00:17:13+00:00\" \/>\n<meta property=\"og:image\" content=\"https:\/\/iibayarea.org\/wp-content\/uploads\/2019\/10\/Maria-and-Roberto-.jpg\" \/>\n\t<meta property=\"og:image:width\" content=\"1200\" \/>\n\t<meta property=\"og:image:height\" content=\"675\" \/>\n\t<meta property=\"og:image:type\" content=\"image\/jpeg\" \/>\n<meta name=\"author\" content=\"Isabella Alvarenga\" \/>\n<meta name=\"twitter:card\" content=\"summary_large_image\" \/>\n<meta name=\"twitter:creator\" content=\"@IIBA1918\" \/>\n<meta name=\"twitter:site\" content=\"@IIBA1918\" \/>\n<meta name=\"twitter:label1\" content=\"Escrito por\" \/>\n\t<meta name=\"twitter:data1\" content=\"Isabella Alvarenga\" \/>\n\t<meta name=\"twitter:label2\" content=\"Tiempo de lectura\" \/>\n\t<meta name=\"twitter:data2\" content=\"1 minuto\" \/>\n<script type=\"application\/ld+json\" class=\"yoast-schema-graph\">{\"@context\":\"https:\\\/\\\/schema.org\",\"@graph\":[{\"@type\":\"Article\",\"@id\":\"https:\\\/\\\/iibayarea.org\\\/es\\\/immigrant-voices-es\\\/clientes-del-iiba-maria-y-roberto\\\/#article\",\"isPartOf\":{\"@id\":\"https:\\\/\\\/iibayarea.org\\\/es\\\/immigrant-voices-es\\\/clientes-del-iiba-maria-y-roberto\\\/\"},\"author\":{\"name\":\"Isabella Alvarenga\",\"@id\":\"https:\\\/\\\/iibayarea.org\\\/es\\\/#\\\/schema\\\/person\\\/6bb932f4371a0161e2c62c8020fbb8da\"},\"headline\":\"Clientes del IIBA: Mar\u00eda y Roberto\",\"datePublished\":\"2019-10-22T22:39:18+00:00\",\"dateModified\":\"2025-11-14T00:17:13+00:00\",\"mainEntityOfPage\":{\"@id\":\"https:\\\/\\\/iibayarea.org\\\/es\\\/immigrant-voices-es\\\/clientes-del-iiba-maria-y-roberto\\\/\"},\"wordCount\":296,\"publisher\":{\"@id\":\"https:\\\/\\\/iibayarea.org\\\/es\\\/#organization\"},\"image\":{\"@id\":\"https:\\\/\\\/iibayarea.org\\\/es\\\/immigrant-voices-es\\\/clientes-del-iiba-maria-y-roberto\\\/#primaryimage\"},\"thumbnailUrl\":\"https:\\\/\\\/iibayarea.org\\\/wp-content\\\/uploads\\\/2019\\\/10\\\/Maria-and-Roberto-.jpg\",\"articleSection\":[\"Immigrant Voices\"],\"inLanguage\":\"es\"},{\"@type\":\"WebPage\",\"@id\":\"https:\\\/\\\/iibayarea.org\\\/es\\\/immigrant-voices-es\\\/clientes-del-iiba-maria-y-roberto\\\/\",\"url\":\"https:\\\/\\\/iibayarea.org\\\/es\\\/immigrant-voices-es\\\/clientes-del-iiba-maria-y-roberto\\\/\",\"name\":\"Clientes del IIBA: Mar\u00eda y Roberto | Immigration Institute of the Bay Area\",\"isPartOf\":{\"@id\":\"https:\\\/\\\/iibayarea.org\\\/es\\\/#website\"},\"primaryImageOfPage\":{\"@id\":\"https:\\\/\\\/iibayarea.org\\\/es\\\/immigrant-voices-es\\\/clientes-del-iiba-maria-y-roberto\\\/#primaryimage\"},\"image\":{\"@id\":\"https:\\\/\\\/iibayarea.org\\\/es\\\/immigrant-voices-es\\\/clientes-del-iiba-maria-y-roberto\\\/#primaryimage\"},\"thumbnailUrl\":\"https:\\\/\\\/iibayarea.org\\\/wp-content\\\/uploads\\\/2019\\\/10\\\/Maria-and-Roberto-.jpg\",\"datePublished\":\"2019-10-22T22:39:18+00:00\",\"dateModified\":\"2025-11-14T00:17:13+00:00\",\"breadcrumb\":{\"@id\":\"https:\\\/\\\/iibayarea.org\\\/es\\\/immigrant-voices-es\\\/clientes-del-iiba-maria-y-roberto\\\/#breadcrumb\"},\"inLanguage\":\"es\",\"potentialAction\":[{\"@type\":\"ReadAction\",\"target\":[\"https:\\\/\\\/iibayarea.org\\\/es\\\/immigrant-voices-es\\\/clientes-del-iiba-maria-y-roberto\\\/\"]}]},{\"@type\":\"ImageObject\",\"inLanguage\":\"es\",\"@id\":\"https:\\\/\\\/iibayarea.org\\\/es\\\/immigrant-voices-es\\\/clientes-del-iiba-maria-y-roberto\\\/#primaryimage\",\"url\":\"https:\\\/\\\/iibayarea.org\\\/wp-content\\\/uploads\\\/2019\\\/10\\\/Maria-and-Roberto-.jpg\",\"contentUrl\":\"https:\\\/\\\/iibayarea.org\\\/wp-content\\\/uploads\\\/2019\\\/10\\\/Maria-and-Roberto-.jpg\",\"width\":1200,\"height\":675},{\"@type\":\"BreadcrumbList\",\"@id\":\"https:\\\/\\\/iibayarea.org\\\/es\\\/immigrant-voices-es\\\/clientes-del-iiba-maria-y-roberto\\\/#breadcrumb\",\"itemListElement\":[{\"@type\":\"ListItem\",\"position\":1,\"name\":\"Home\",\"item\":\"https:\\\/\\\/iibayarea.org\\\/es\\\/\"},{\"@type\":\"ListItem\",\"position\":2,\"name\":\"Clientes del IIBA: Mar\u00eda y Roberto\"}]},{\"@type\":\"WebSite\",\"@id\":\"https:\\\/\\\/iibayarea.org\\\/es\\\/#website\",\"url\":\"https:\\\/\\\/iibayarea.org\\\/es\\\/\",\"name\":\"Immigration Institute of the Bay Area\",\"description\":\"a nonprofit providing immigration legal services\",\"publisher\":{\"@id\":\"https:\\\/\\\/iibayarea.org\\\/es\\\/#organization\"},\"potentialAction\":[{\"@type\":\"SearchAction\",\"target\":{\"@type\":\"EntryPoint\",\"urlTemplate\":\"https:\\\/\\\/iibayarea.org\\\/es\\\/?s={search_term_string}\"},\"query-input\":{\"@type\":\"PropertyValueSpecification\",\"valueRequired\":true,\"valueName\":\"search_term_string\"}}],\"inLanguage\":\"es\"},{\"@type\":\"Organization\",\"@id\":\"https:\\\/\\\/iibayarea.org\\\/es\\\/#organization\",\"name\":\"Immigration Institute of the Bay Area (IIBA)\",\"url\":\"https:\\\/\\\/iibayarea.org\\\/es\\\/\",\"logo\":{\"@type\":\"ImageObject\",\"inLanguage\":\"es\",\"@id\":\"https:\\\/\\\/iibayarea.org\\\/es\\\/#\\\/schema\\\/logo\\\/image\\\/\",\"url\":\"https:\\\/\\\/iibayarea.org\\\/wp-content\\\/uploads\\\/2022\\\/06\\\/Logo_Full_Name.png\",\"contentUrl\":\"https:\\\/\\\/iibayarea.org\\\/wp-content\\\/uploads\\\/2022\\\/06\\\/Logo_Full_Name.png\",\"width\":4800,\"height\":1200,\"caption\":\"Immigration Institute of the Bay Area (IIBA)\"},\"image\":{\"@id\":\"https:\\\/\\\/iibayarea.org\\\/es\\\/#\\\/schema\\\/logo\\\/image\\\/\"},\"sameAs\":[\"https:\\\/\\\/facebook.com\\\/iiba1918\",\"https:\\\/\\\/x.com\\\/IIBA1918\",\"https:\\\/\\\/www.instagram.com\\\/iiba1918\\\/\",\"https:\\\/\\\/www.linkedin.com\\\/company\\\/international-institute-of-the-bay-area\"]},{\"@type\":\"Person\",\"@id\":\"https:\\\/\\\/iibayarea.org\\\/es\\\/#\\\/schema\\\/person\\\/6bb932f4371a0161e2c62c8020fbb8da\",\"name\":\"Isabella Alvarenga\",\"image\":{\"@type\":\"ImageObject\",\"inLanguage\":\"es\",\"@id\":\"https:\\\/\\\/secure.gravatar.com\\\/avatar\\\/b2bd89dff5e8c2c4c3b119a8ea4e74bc044ce45fbe306c48486759f8294a661d?s=96&d=mm&r=g\",\"url\":\"https:\\\/\\\/secure.gravatar.com\\\/avatar\\\/b2bd89dff5e8c2c4c3b119a8ea4e74bc044ce45fbe306c48486759f8294a661d?s=96&d=mm&r=g\",\"contentUrl\":\"https:\\\/\\\/secure.gravatar.com\\\/avatar\\\/b2bd89dff5e8c2c4c3b119a8ea4e74bc044ce45fbe306c48486759f8294a661d?s=96&d=mm&r=g\",\"caption\":\"Isabella Alvarenga\"},\"url\":\"https:\\\/\\\/iibayarea.org\\\/es\\\/author\\\/isabella\\\/\"}]}<\/script>\n<!-- \/ Yoast SEO plugin. -->","yoast_head_json":{"title":"Clientes del IIBA: Mar\u00eda y Roberto | Immigration Institute of the Bay Area","robots":{"index":"index","follow":"follow","max-snippet":"max-snippet:-1","max-image-preview":"max-image-preview:large","max-video-preview":"max-video-preview:-1"},"canonical":"https:\/\/iibayarea.org\/es\/immigrant-voices-es\/clientes-del-iiba-maria-y-roberto\/","og_locale":"es_ES","og_type":"article","og_title":"Clientes del IIBA: Mar\u00eda y Roberto | Immigration Institute of the Bay Area","og_description":"En 2014, Mar\u00eda y Roberto llegaron por fin al \u00c1rea de la Bah\u00eda para vivir con su familia tras esperar diecis\u00e9is a\u00f1os en El Salvador a que se aprobara su tarjeta de residencia. Mar\u00eda y Roberto, casados desde hace 41 a\u00f1os, vinieron a Estados Unidos en busca de seguridad y oportunidades.","og_url":"https:\/\/iibayarea.org\/es\/immigrant-voices-es\/clientes-del-iiba-maria-y-roberto\/","og_site_name":"Immigration Institute of the Bay Area","article_publisher":"https:\/\/facebook.com\/iiba1918","article_published_time":"2019-10-22T22:39:18+00:00","article_modified_time":"2025-11-14T00:17:13+00:00","og_image":[{"width":1200,"height":675,"url":"https:\/\/iibayarea.org\/wp-content\/uploads\/2019\/10\/Maria-and-Roberto-.jpg","type":"image\/jpeg"}],"author":"Isabella Alvarenga","twitter_card":"summary_large_image","twitter_creator":"@IIBA1918","twitter_site":"@IIBA1918","twitter_misc":{"Escrito por":"Isabella Alvarenga","Tiempo de lectura":"1 minuto"},"schema":{"@context":"https:\/\/schema.org","@graph":[{"@type":"Article","@id":"https:\/\/iibayarea.org\/es\/immigrant-voices-es\/clientes-del-iiba-maria-y-roberto\/#article","isPartOf":{"@id":"https:\/\/iibayarea.org\/es\/immigrant-voices-es\/clientes-del-iiba-maria-y-roberto\/"},"author":{"name":"Isabella Alvarenga","@id":"https:\/\/iibayarea.org\/es\/#\/schema\/person\/6bb932f4371a0161e2c62c8020fbb8da"},"headline":"Clientes del IIBA: Mar\u00eda y Roberto","datePublished":"2019-10-22T22:39:18+00:00","dateModified":"2025-11-14T00:17:13+00:00","mainEntityOfPage":{"@id":"https:\/\/iibayarea.org\/es\/immigrant-voices-es\/clientes-del-iiba-maria-y-roberto\/"},"wordCount":296,"publisher":{"@id":"https:\/\/iibayarea.org\/es\/#organization"},"image":{"@id":"https:\/\/iibayarea.org\/es\/immigrant-voices-es\/clientes-del-iiba-maria-y-roberto\/#primaryimage"},"thumbnailUrl":"https:\/\/iibayarea.org\/wp-content\/uploads\/2019\/10\/Maria-and-Roberto-.jpg","articleSection":["Immigrant Voices"],"inLanguage":"es"},{"@type":"WebPage","@id":"https:\/\/iibayarea.org\/es\/immigrant-voices-es\/clientes-del-iiba-maria-y-roberto\/","url":"https:\/\/iibayarea.org\/es\/immigrant-voices-es\/clientes-del-iiba-maria-y-roberto\/","name":"Clientes del IIBA: Mar\u00eda y Roberto | Immigration Institute of the Bay Area","isPartOf":{"@id":"https:\/\/iibayarea.org\/es\/#website"},"primaryImageOfPage":{"@id":"https:\/\/iibayarea.org\/es\/immigrant-voices-es\/clientes-del-iiba-maria-y-roberto\/#primaryimage"},"image":{"@id":"https:\/\/iibayarea.org\/es\/immigrant-voices-es\/clientes-del-iiba-maria-y-roberto\/#primaryimage"},"thumbnailUrl":"https:\/\/iibayarea.org\/wp-content\/uploads\/2019\/10\/Maria-and-Roberto-.jpg","datePublished":"2019-10-22T22:39:18+00:00","dateModified":"2025-11-14T00:17:13+00:00","breadcrumb":{"@id":"https:\/\/iibayarea.org\/es\/immigrant-voices-es\/clientes-del-iiba-maria-y-roberto\/#breadcrumb"},"inLanguage":"es","potentialAction":[{"@type":"ReadAction","target":["https:\/\/iibayarea.org\/es\/immigrant-voices-es\/clientes-del-iiba-maria-y-roberto\/"]}]},{"@type":"ImageObject","inLanguage":"es","@id":"https:\/\/iibayarea.org\/es\/immigrant-voices-es\/clientes-del-iiba-maria-y-roberto\/#primaryimage","url":"https:\/\/iibayarea.org\/wp-content\/uploads\/2019\/10\/Maria-and-Roberto-.jpg","contentUrl":"https:\/\/iibayarea.org\/wp-content\/uploads\/2019\/10\/Maria-and-Roberto-.jpg","width":1200,"height":675},{"@type":"BreadcrumbList","@id":"https:\/\/iibayarea.org\/es\/immigrant-voices-es\/clientes-del-iiba-maria-y-roberto\/#breadcrumb","itemListElement":[{"@type":"ListItem","position":1,"name":"Home","item":"https:\/\/iibayarea.org\/es\/"},{"@type":"ListItem","position":2,"name":"Clientes del IIBA: Mar\u00eda y Roberto"}]},{"@type":"WebSite","@id":"https:\/\/iibayarea.org\/es\/#website","url":"https:\/\/iibayarea.org\/es\/","name":"Immigration Institute of the Bay Area","description":"a nonprofit providing immigration legal services","publisher":{"@id":"https:\/\/iibayarea.org\/es\/#organization"},"potentialAction":[{"@type":"SearchAction","target":{"@type":"EntryPoint","urlTemplate":"https:\/\/iibayarea.org\/es\/?s={search_term_string}"},"query-input":{"@type":"PropertyValueSpecification","valueRequired":true,"valueName":"search_term_string"}}],"inLanguage":"es"},{"@type":"Organization","@id":"https:\/\/iibayarea.org\/es\/#organization","name":"Immigration Institute of the Bay Area (IIBA)","url":"https:\/\/iibayarea.org\/es\/","logo":{"@type":"ImageObject","inLanguage":"es","@id":"https:\/\/iibayarea.org\/es\/#\/schema\/logo\/image\/","url":"https:\/\/iibayarea.org\/wp-content\/uploads\/2022\/06\/Logo_Full_Name.png","contentUrl":"https:\/\/iibayarea.org\/wp-content\/uploads\/2022\/06\/Logo_Full_Name.png","width":4800,"height":1200,"caption":"Immigration Institute of the Bay Area (IIBA)"},"image":{"@id":"https:\/\/iibayarea.org\/es\/#\/schema\/logo\/image\/"},"sameAs":["https:\/\/facebook.com\/iiba1918","https:\/\/x.com\/IIBA1918","https:\/\/www.instagram.com\/iiba1918\/","https:\/\/www.linkedin.com\/company\/international-institute-of-the-bay-area"]},{"@type":"Person","@id":"https:\/\/iibayarea.org\/es\/#\/schema\/person\/6bb932f4371a0161e2c62c8020fbb8da","name":"Isabella Alvarenga","image":{"@type":"ImageObject","inLanguage":"es","@id":"https:\/\/secure.gravatar.com\/avatar\/b2bd89dff5e8c2c4c3b119a8ea4e74bc044ce45fbe306c48486759f8294a661d?s=96&d=mm&r=g","url":"https:\/\/secure.gravatar.com\/avatar\/b2bd89dff5e8c2c4c3b119a8ea4e74bc044ce45fbe306c48486759f8294a661d?s=96&d=mm&r=g","contentUrl":"https:\/\/secure.gravatar.com\/avatar\/b2bd89dff5e8c2c4c3b119a8ea4e74bc044ce45fbe306c48486759f8294a661d?s=96&d=mm&r=g","caption":"Isabella Alvarenga"},"url":"https:\/\/iibayarea.org\/es\/author\/isabella\/"}]}},"_links":{"self":[{"href":"https:\/\/iibayarea.org\/es\/wp-json\/wp\/v2\/posts\/12887","targetHints":{"allow":["GET"]}}],"collection":[{"href":"https:\/\/iibayarea.org\/es\/wp-json\/wp\/v2\/posts"}],"about":[{"href":"https:\/\/iibayarea.org\/es\/wp-json\/wp\/v2\/types\/post"}],"author":[{"embeddable":true,"href":"https:\/\/iibayarea.org\/es\/wp-json\/wp\/v2\/users\/3"}],"replies":[{"embeddable":true,"href":"https:\/\/iibayarea.org\/es\/wp-json\/wp\/v2\/comments?post=12887"}],"version-history":[{"count":0,"href":"https:\/\/iibayarea.org\/es\/wp-json\/wp\/v2\/posts\/12887\/revisions"}],"wp:featuredmedia":[{"embeddable":true,"href":"https:\/\/iibayarea.org\/es\/wp-json\/wp\/v2\/media\/8609"}],"wp:attachment":[{"href":"https:\/\/iibayarea.org\/es\/wp-json\/wp\/v2\/media?parent=12887"}],"wp:term":[{"taxonomy":"category","embeddable":true,"href":"https:\/\/iibayarea.org\/es\/wp-json\/wp\/v2\/categories?post=12887"},{"taxonomy":"post_tag","embeddable":true,"href":"https:\/\/iibayarea.org\/es\/wp-json\/wp\/v2\/tags?post=12887"},{"taxonomy":"region","embeddable":true,"href":"https:\/\/iibayarea.org\/es\/wp-json\/wp\/v2\/region?post=12887"}],"curies":[{"name":"wp","href":"https:\/\/api.w.org\/{rel}","templated":true}]}}