{"id":12910,"date":"2018-06-04T09:29:48","date_gmt":"2018-06-04T16:29:48","guid":{"rendered":"https:\/\/iibayarea.local\/a-family-reunited\/"},"modified":"2018-06-04T09:29:48","modified_gmt":"2018-06-04T16:29:48","slug":"a-family-reunited","status":"publish","type":"post","link":"https:\/\/iibayarea.org\/es\/immigrant-voices-es\/a-family-reunited\/","title":{"rendered":"A Family Reunited"},"content":{"rendered":"<p>Cuando Amanda y sus padres emigraron a Estados Unidos para empezar una nueva vida, tuvieron que dejar atr\u00e1s en Brasil a su hermano, que no pudo obtener un visado. Aunque la distancia entre ellos fue una fuente de gran angustia, Amanda decidi\u00f3 aprovechar al m\u00e1ximo sus oportunidades en Estados Unidos, explorando su amor por los idiomas a trav\u00e9s del programa de la industria de viajes de la UC Berkeley. <\/p>\n<p><a href=\"https:\/\/iibayarea.org\/wp-content\/uploads\/2018\/06\/Amanda-and-Celedonio-final.jpg\"><img loading=\"lazy\" decoding=\"async\" class=\"size-medium wp-image-6358 alignleft\" src=\"https:\/\/iibayarea.org\/wp-content\/uploads\/2019\/06\/Amanda-and-Celedonio-final-300x300.jpg\" alt=\"\" width=\"300\" height=\"300\"><\/a><\/p>\n<p>En su iglesia de Oakland, Amanda conoci\u00f3 a Celedonio, que tambi\u00e9n hab\u00eda emigrado a EEUU para ampliar sus estudios. Originario de M\u00e9xico, Celedonio hab\u00eda llegado a EEUU con su familia y, con la ayuda del IIBA, consigui\u00f3 la residencia permanente. Concedida la posibilidad de trabajar, inici\u00f3 su carrera como ingeniero qu\u00edmico. Cuando cumpli\u00f3 los requisitos, Celedonio solicit\u00f3 la ciudadan\u00eda.   <\/p>\n<p>Con el tiempo, Celedonio y Amanda se enamoraron y decidieron casarse. Amanda obtuvo la tarjeta de residente permanente, lo que le permiti\u00f3 seguir la carrera de medicina. Estudi\u00f3 mucho para aprobar los ex\u00e1menes, y ahora trabaja como enfermera en Stanford.  <\/p>\n<p>Al igual que Celedonio, en cuanto Amanda cumpli\u00f3 los requisitos para obtener la nacionalidad, la solicit\u00f3. Cree que la ciudadan\u00eda es importante: \u00abEn primer lugar, para votar. Nos encanta votar y formar parte de la sociedad\u00bb. Celedonio a\u00f1ade que, como ciudadano, \u00abte sientes m\u00e1s protegido\u00bb.  <\/p>\n<p>Con la ciudadan\u00eda, Celedonio y Amanda han podido viajar con m\u00e1s libertad, llevando misiones m\u00e9dicas a Nicaragua, donde acompa\u00f1an a estudiantes de medicina y enfermer\u00eda que prestan ayuda en aldeas rurales. All\u00ed Celedonio utiliza sus conocimientos como ingeniero qu\u00edmico para ense\u00f1ar a las comunidades sobre energ\u00edas renovables. <\/p>\n<p>\u00abUna de las mejores cosas que puedes hacer en este mundo es ayudar a la gente\u00bb, dice Celedonio.<\/p>\n<p>En 2010, Amanda, sus padres y Celedonio viajaron a Brasil para visitar a su hermano, donde Celedonio lo conocer\u00eda por primera vez. \u00abTodo el mundo estaba en el aeropuerto. Todo el mundo estaba feliz y riendo y d\u00e1ndose besos y abrazos\u00bb, dijo Celedonio. <\/p>\n<p>Sin embargo, una vez m\u00e1s, cuando la familia de Amanda abandon\u00f3 Brasil, su hermano tuvo que quedarse atr\u00e1s. A su regreso a Estados Unidos, Amanda dio los pasos necesarios para cumplir un sue\u00f1o que hab\u00eda tenido durante dieciocho a\u00f1os: reunir a su familia en Estados Unidos. A trav\u00e9s del IIBA, la familia de Amanda solicit\u00f3 la tarjeta de residencia para su hermano. En noviembre de 2017, la familia de Amanda se reuni\u00f3 por fin.   <\/p>\n<p>Amanda y Celedonio apoyan y recomiendan los servicios del IIBA, con la esperanza de que muchas m\u00e1s familias puedan reunirse.<\/p>\n","protected":false},"excerpt":{"rendered":"<p>Con la ciudadan\u00eda, Celedonio y Amanda han podido viajar con m\u00e1s libertad, llevando misiones m\u00e9dicas a Nicaragua, donde acompa\u00f1an a estudiantes de medicina y enfermer\u00eda que prestan ayuda en aldeas rurales. All\u00ed Celedonio utiliza sus conocimientos como ingeniero qu\u00edmico para ense\u00f1ar a las comunidades sobre energ\u00edas renovables. <\/p>\n","protected":false},"author":3,"featured_media":12911,"comment_status":"closed","ping_status":"open","sticky":false,"template":"","format":"standard","meta":{"_acf_changed":false,"footnotes":""},"categories":[1471],"tags":[],"region":[],"class_list":["post-12910","post","type-post","status-publish","format-standard","has-post-thumbnail","hentry","category-immigrant-voices-es"],"acf":[],"featured_image_urls_v2":{"full":["https:\/\/iibayarea.org\/wp-content\/uploads\/2018\/06\/Amanda-and-Celedonio-final.jpg",800,800,false],"thumbnail":["https:\/\/iibayarea.org\/wp-content\/uploads\/2018\/06\/Amanda-and-Celedonio-final-150x150.jpg",150,150,true],"medium":["https:\/\/iibayarea.org\/wp-content\/uploads\/2018\/06\/Amanda-and-Celedonio-final-512x512.jpg",512,512,true],"medium_large":["https:\/\/iibayarea.org\/wp-content\/uploads\/2018\/06\/Amanda-and-Celedonio-final-768x768.jpg",768,768,true],"large":["https:\/\/iibayarea.org\/wp-content\/uploads\/2018\/06\/Amanda-and-Celedonio-final.jpg",800,800,false],"1536x1536":["https:\/\/iibayarea.org\/wp-content\/uploads\/2018\/06\/Amanda-and-Celedonio-final.jpg",800,800,false],"2048x2048":["https:\/\/iibayarea.org\/wp-content\/uploads\/2018\/06\/Amanda-and-Celedonio-final.jpg",800,800,false],"gform-image-choice-sm":["https:\/\/iibayarea.org\/wp-content\/uploads\/2018\/06\/Amanda-and-Celedonio-final.jpg",300,300,false],"gform-image-choice-md":["https:\/\/iibayarea.org\/wp-content\/uploads\/2018\/06\/Amanda-and-Celedonio-final.jpg",400,400,false],"gform-image-choice-lg":["https:\/\/iibayarea.org\/wp-content\/uploads\/2018\/06\/Amanda-and-Celedonio-final.jpg",600,600,false]},"post_excerpt_stackable_v2":"<p>Con la ciudadan\u00eda, Celedonio y Amanda han podido viajar con m\u00e1s libertad, llevando misiones m\u00e9dicas a Nicaragua, donde acompa\u00f1an a estudiantes de medicina y enfermer\u00eda que prestan ayuda en aldeas rurales. All\u00ed Celedonio utiliza sus conocimientos como ingeniero qu\u00edmico para ense\u00f1ar a las comunidades sobre energ\u00edas renovables. <\/p>\n","category_list_v2":"<a href=\"https:\/\/iibayarea.org\/es\/categoria\/immigrant-voices-es\/\" rel=\"category tag\">Immigrant Voices<\/a>","author_info_v2":{"name":"Isabella Alvarenga","url":"https:\/\/iibayarea.org\/es\/author\/isabella\/"},"comments_num_v2":"0 comentarios","yoast_head":"<!-- This site is optimized with the Yoast SEO plugin v27.5 - https:\/\/yoast.com\/product\/yoast-seo-wordpress\/ -->\n<title>A Family Reunited | Immigration Institute of the Bay Area<\/title>\n<meta name=\"robots\" content=\"index, follow, max-snippet:-1, max-image-preview:large, max-video-preview:-1\" \/>\n<link rel=\"canonical\" href=\"https:\/\/iibayarea.org\/es\/immigrant-voices-es\/a-family-reunited\/\" \/>\n<meta property=\"og:locale\" content=\"es_ES\" \/>\n<meta property=\"og:type\" content=\"article\" \/>\n<meta property=\"og:title\" content=\"A Family Reunited | Immigration Institute of the Bay Area\" \/>\n<meta property=\"og:description\" content=\"Con la ciudadan\u00eda, Celedonio y Amanda han podido viajar con m\u00e1s libertad, llevando misiones m\u00e9dicas a Nicaragua, donde acompa\u00f1an a estudiantes de medicina y enfermer\u00eda que prestan ayuda en aldeas rurales. All\u00ed Celedonio utiliza sus conocimientos como ingeniero qu\u00edmico para ense\u00f1ar a las comunidades sobre energ\u00edas renovables.\" \/>\n<meta property=\"og:url\" content=\"https:\/\/iibayarea.org\/es\/immigrant-voices-es\/a-family-reunited\/\" \/>\n<meta property=\"og:site_name\" content=\"Immigration Institute of the Bay Area\" \/>\n<meta property=\"article:publisher\" content=\"https:\/\/facebook.com\/iiba1918\" \/>\n<meta property=\"article:published_time\" content=\"2018-06-04T16:29:48+00:00\" \/>\n<meta property=\"og:image\" content=\"https:\/\/iibayarea.org\/wp-content\/uploads\/2018\/06\/Amanda-and-Celedonio-final.jpg\" \/>\n\t<meta property=\"og:image:width\" content=\"800\" \/>\n\t<meta property=\"og:image:height\" content=\"800\" \/>\n\t<meta property=\"og:image:type\" content=\"image\/jpeg\" \/>\n<meta name=\"author\" content=\"Isabella Alvarenga\" \/>\n<meta name=\"twitter:card\" content=\"summary_large_image\" \/>\n<meta name=\"twitter:creator\" content=\"@IIBA1918\" \/>\n<meta name=\"twitter:site\" content=\"@IIBA1918\" \/>\n<meta name=\"twitter:label1\" content=\"Escrito por\" \/>\n\t<meta name=\"twitter:data1\" content=\"Isabella Alvarenga\" \/>\n\t<meta name=\"twitter:label2\" content=\"Tiempo de lectura\" \/>\n\t<meta name=\"twitter:data2\" content=\"2 minutos\" \/>\n<script type=\"application\/ld+json\" class=\"yoast-schema-graph\">{\"@context\":\"https:\\\/\\\/schema.org\",\"@graph\":[{\"@type\":\"Article\",\"@id\":\"https:\\\/\\\/iibayarea.org\\\/es\\\/immigrant-voices-es\\\/a-family-reunited\\\/#article\",\"isPartOf\":{\"@id\":\"https:\\\/\\\/iibayarea.org\\\/es\\\/immigrant-voices-es\\\/a-family-reunited\\\/\"},\"author\":{\"name\":\"Isabella Alvarenga\",\"@id\":\"https:\\\/\\\/iibayarea.org\\\/es\\\/#\\\/schema\\\/person\\\/6bb932f4371a0161e2c62c8020fbb8da\"},\"headline\":\"A Family Reunited\",\"datePublished\":\"2018-06-04T16:29:48+00:00\",\"mainEntityOfPage\":{\"@id\":\"https:\\\/\\\/iibayarea.org\\\/es\\\/immigrant-voices-es\\\/a-family-reunited\\\/\"},\"wordCount\":446,\"publisher\":{\"@id\":\"https:\\\/\\\/iibayarea.org\\\/es\\\/#organization\"},\"image\":{\"@id\":\"https:\\\/\\\/iibayarea.org\\\/es\\\/immigrant-voices-es\\\/a-family-reunited\\\/#primaryimage\"},\"thumbnailUrl\":\"https:\\\/\\\/iibayarea.org\\\/wp-content\\\/uploads\\\/2018\\\/06\\\/Amanda-and-Celedonio-final.jpg\",\"articleSection\":[\"Immigrant Voices\"],\"inLanguage\":\"es\"},{\"@type\":\"WebPage\",\"@id\":\"https:\\\/\\\/iibayarea.org\\\/es\\\/immigrant-voices-es\\\/a-family-reunited\\\/\",\"url\":\"https:\\\/\\\/iibayarea.org\\\/es\\\/immigrant-voices-es\\\/a-family-reunited\\\/\",\"name\":\"A Family Reunited | Immigration Institute of the Bay Area\",\"isPartOf\":{\"@id\":\"https:\\\/\\\/iibayarea.org\\\/es\\\/#website\"},\"primaryImageOfPage\":{\"@id\":\"https:\\\/\\\/iibayarea.org\\\/es\\\/immigrant-voices-es\\\/a-family-reunited\\\/#primaryimage\"},\"image\":{\"@id\":\"https:\\\/\\\/iibayarea.org\\\/es\\\/immigrant-voices-es\\\/a-family-reunited\\\/#primaryimage\"},\"thumbnailUrl\":\"https:\\\/\\\/iibayarea.org\\\/wp-content\\\/uploads\\\/2018\\\/06\\\/Amanda-and-Celedonio-final.jpg\",\"datePublished\":\"2018-06-04T16:29:48+00:00\",\"breadcrumb\":{\"@id\":\"https:\\\/\\\/iibayarea.org\\\/es\\\/immigrant-voices-es\\\/a-family-reunited\\\/#breadcrumb\"},\"inLanguage\":\"es\",\"potentialAction\":[{\"@type\":\"ReadAction\",\"target\":[\"https:\\\/\\\/iibayarea.org\\\/es\\\/immigrant-voices-es\\\/a-family-reunited\\\/\"]}]},{\"@type\":\"ImageObject\",\"inLanguage\":\"es\",\"@id\":\"https:\\\/\\\/iibayarea.org\\\/es\\\/immigrant-voices-es\\\/a-family-reunited\\\/#primaryimage\",\"url\":\"https:\\\/\\\/iibayarea.org\\\/wp-content\\\/uploads\\\/2018\\\/06\\\/Amanda-and-Celedonio-final.jpg\",\"contentUrl\":\"https:\\\/\\\/iibayarea.org\\\/wp-content\\\/uploads\\\/2018\\\/06\\\/Amanda-and-Celedonio-final.jpg\",\"width\":800,\"height\":800},{\"@type\":\"BreadcrumbList\",\"@id\":\"https:\\\/\\\/iibayarea.org\\\/es\\\/immigrant-voices-es\\\/a-family-reunited\\\/#breadcrumb\",\"itemListElement\":[{\"@type\":\"ListItem\",\"position\":1,\"name\":\"Home\",\"item\":\"https:\\\/\\\/iibayarea.org\\\/es\\\/\"},{\"@type\":\"ListItem\",\"position\":2,\"name\":\"A Family Reunited\"}]},{\"@type\":\"WebSite\",\"@id\":\"https:\\\/\\\/iibayarea.org\\\/es\\\/#website\",\"url\":\"https:\\\/\\\/iibayarea.org\\\/es\\\/\",\"name\":\"Immigration Institute of the Bay Area\",\"description\":\"a nonprofit providing immigration legal services\",\"publisher\":{\"@id\":\"https:\\\/\\\/iibayarea.org\\\/es\\\/#organization\"},\"potentialAction\":[{\"@type\":\"SearchAction\",\"target\":{\"@type\":\"EntryPoint\",\"urlTemplate\":\"https:\\\/\\\/iibayarea.org\\\/es\\\/?s={search_term_string}\"},\"query-input\":{\"@type\":\"PropertyValueSpecification\",\"valueRequired\":true,\"valueName\":\"search_term_string\"}}],\"inLanguage\":\"es\"},{\"@type\":\"Organization\",\"@id\":\"https:\\\/\\\/iibayarea.org\\\/es\\\/#organization\",\"name\":\"Immigration Institute of the Bay Area (IIBA)\",\"url\":\"https:\\\/\\\/iibayarea.org\\\/es\\\/\",\"logo\":{\"@type\":\"ImageObject\",\"inLanguage\":\"es\",\"@id\":\"https:\\\/\\\/iibayarea.org\\\/es\\\/#\\\/schema\\\/logo\\\/image\\\/\",\"url\":\"https:\\\/\\\/iibayarea.org\\\/wp-content\\\/uploads\\\/2022\\\/06\\\/Logo_Full_Name.png\",\"contentUrl\":\"https:\\\/\\\/iibayarea.org\\\/wp-content\\\/uploads\\\/2022\\\/06\\\/Logo_Full_Name.png\",\"width\":4800,\"height\":1200,\"caption\":\"Immigration Institute of the Bay Area (IIBA)\"},\"image\":{\"@id\":\"https:\\\/\\\/iibayarea.org\\\/es\\\/#\\\/schema\\\/logo\\\/image\\\/\"},\"sameAs\":[\"https:\\\/\\\/facebook.com\\\/iiba1918\",\"https:\\\/\\\/x.com\\\/IIBA1918\",\"https:\\\/\\\/www.instagram.com\\\/iiba1918\\\/\",\"https:\\\/\\\/www.linkedin.com\\\/company\\\/international-institute-of-the-bay-area\"]},{\"@type\":\"Person\",\"@id\":\"https:\\\/\\\/iibayarea.org\\\/es\\\/#\\\/schema\\\/person\\\/6bb932f4371a0161e2c62c8020fbb8da\",\"name\":\"Isabella Alvarenga\",\"image\":{\"@type\":\"ImageObject\",\"inLanguage\":\"es\",\"@id\":\"https:\\\/\\\/secure.gravatar.com\\\/avatar\\\/b2bd89dff5e8c2c4c3b119a8ea4e74bc044ce45fbe306c48486759f8294a661d?s=96&d=mm&r=g\",\"url\":\"https:\\\/\\\/secure.gravatar.com\\\/avatar\\\/b2bd89dff5e8c2c4c3b119a8ea4e74bc044ce45fbe306c48486759f8294a661d?s=96&d=mm&r=g\",\"contentUrl\":\"https:\\\/\\\/secure.gravatar.com\\\/avatar\\\/b2bd89dff5e8c2c4c3b119a8ea4e74bc044ce45fbe306c48486759f8294a661d?s=96&d=mm&r=g\",\"caption\":\"Isabella Alvarenga\"},\"url\":\"https:\\\/\\\/iibayarea.org\\\/es\\\/author\\\/isabella\\\/\"}]}<\/script>\n<!-- \/ Yoast SEO plugin. -->","yoast_head_json":{"title":"A Family Reunited | Immigration Institute of the Bay Area","robots":{"index":"index","follow":"follow","max-snippet":"max-snippet:-1","max-image-preview":"max-image-preview:large","max-video-preview":"max-video-preview:-1"},"canonical":"https:\/\/iibayarea.org\/es\/immigrant-voices-es\/a-family-reunited\/","og_locale":"es_ES","og_type":"article","og_title":"A Family Reunited | Immigration Institute of the Bay Area","og_description":"Con la ciudadan\u00eda, Celedonio y Amanda han podido viajar con m\u00e1s libertad, llevando misiones m\u00e9dicas a Nicaragua, donde acompa\u00f1an a estudiantes de medicina y enfermer\u00eda que prestan ayuda en aldeas rurales. All\u00ed Celedonio utiliza sus conocimientos como ingeniero qu\u00edmico para ense\u00f1ar a las comunidades sobre energ\u00edas renovables.","og_url":"https:\/\/iibayarea.org\/es\/immigrant-voices-es\/a-family-reunited\/","og_site_name":"Immigration Institute of the Bay Area","article_publisher":"https:\/\/facebook.com\/iiba1918","article_published_time":"2018-06-04T16:29:48+00:00","og_image":[{"width":800,"height":800,"url":"https:\/\/iibayarea.org\/wp-content\/uploads\/2018\/06\/Amanda-and-Celedonio-final.jpg","type":"image\/jpeg"}],"author":"Isabella Alvarenga","twitter_card":"summary_large_image","twitter_creator":"@IIBA1918","twitter_site":"@IIBA1918","twitter_misc":{"Escrito por":"Isabella Alvarenga","Tiempo de lectura":"2 minutos"},"schema":{"@context":"https:\/\/schema.org","@graph":[{"@type":"Article","@id":"https:\/\/iibayarea.org\/es\/immigrant-voices-es\/a-family-reunited\/#article","isPartOf":{"@id":"https:\/\/iibayarea.org\/es\/immigrant-voices-es\/a-family-reunited\/"},"author":{"name":"Isabella Alvarenga","@id":"https:\/\/iibayarea.org\/es\/#\/schema\/person\/6bb932f4371a0161e2c62c8020fbb8da"},"headline":"A Family Reunited","datePublished":"2018-06-04T16:29:48+00:00","mainEntityOfPage":{"@id":"https:\/\/iibayarea.org\/es\/immigrant-voices-es\/a-family-reunited\/"},"wordCount":446,"publisher":{"@id":"https:\/\/iibayarea.org\/es\/#organization"},"image":{"@id":"https:\/\/iibayarea.org\/es\/immigrant-voices-es\/a-family-reunited\/#primaryimage"},"thumbnailUrl":"https:\/\/iibayarea.org\/wp-content\/uploads\/2018\/06\/Amanda-and-Celedonio-final.jpg","articleSection":["Immigrant Voices"],"inLanguage":"es"},{"@type":"WebPage","@id":"https:\/\/iibayarea.org\/es\/immigrant-voices-es\/a-family-reunited\/","url":"https:\/\/iibayarea.org\/es\/immigrant-voices-es\/a-family-reunited\/","name":"A Family Reunited | Immigration Institute of the Bay Area","isPartOf":{"@id":"https:\/\/iibayarea.org\/es\/#website"},"primaryImageOfPage":{"@id":"https:\/\/iibayarea.org\/es\/immigrant-voices-es\/a-family-reunited\/#primaryimage"},"image":{"@id":"https:\/\/iibayarea.org\/es\/immigrant-voices-es\/a-family-reunited\/#primaryimage"},"thumbnailUrl":"https:\/\/iibayarea.org\/wp-content\/uploads\/2018\/06\/Amanda-and-Celedonio-final.jpg","datePublished":"2018-06-04T16:29:48+00:00","breadcrumb":{"@id":"https:\/\/iibayarea.org\/es\/immigrant-voices-es\/a-family-reunited\/#breadcrumb"},"inLanguage":"es","potentialAction":[{"@type":"ReadAction","target":["https:\/\/iibayarea.org\/es\/immigrant-voices-es\/a-family-reunited\/"]}]},{"@type":"ImageObject","inLanguage":"es","@id":"https:\/\/iibayarea.org\/es\/immigrant-voices-es\/a-family-reunited\/#primaryimage","url":"https:\/\/iibayarea.org\/wp-content\/uploads\/2018\/06\/Amanda-and-Celedonio-final.jpg","contentUrl":"https:\/\/iibayarea.org\/wp-content\/uploads\/2018\/06\/Amanda-and-Celedonio-final.jpg","width":800,"height":800},{"@type":"BreadcrumbList","@id":"https:\/\/iibayarea.org\/es\/immigrant-voices-es\/a-family-reunited\/#breadcrumb","itemListElement":[{"@type":"ListItem","position":1,"name":"Home","item":"https:\/\/iibayarea.org\/es\/"},{"@type":"ListItem","position":2,"name":"A Family Reunited"}]},{"@type":"WebSite","@id":"https:\/\/iibayarea.org\/es\/#website","url":"https:\/\/iibayarea.org\/es\/","name":"Immigration Institute of the Bay Area","description":"a nonprofit providing immigration legal services","publisher":{"@id":"https:\/\/iibayarea.org\/es\/#organization"},"potentialAction":[{"@type":"SearchAction","target":{"@type":"EntryPoint","urlTemplate":"https:\/\/iibayarea.org\/es\/?s={search_term_string}"},"query-input":{"@type":"PropertyValueSpecification","valueRequired":true,"valueName":"search_term_string"}}],"inLanguage":"es"},{"@type":"Organization","@id":"https:\/\/iibayarea.org\/es\/#organization","name":"Immigration Institute of the Bay Area (IIBA)","url":"https:\/\/iibayarea.org\/es\/","logo":{"@type":"ImageObject","inLanguage":"es","@id":"https:\/\/iibayarea.org\/es\/#\/schema\/logo\/image\/","url":"https:\/\/iibayarea.org\/wp-content\/uploads\/2022\/06\/Logo_Full_Name.png","contentUrl":"https:\/\/iibayarea.org\/wp-content\/uploads\/2022\/06\/Logo_Full_Name.png","width":4800,"height":1200,"caption":"Immigration Institute of the Bay Area (IIBA)"},"image":{"@id":"https:\/\/iibayarea.org\/es\/#\/schema\/logo\/image\/"},"sameAs":["https:\/\/facebook.com\/iiba1918","https:\/\/x.com\/IIBA1918","https:\/\/www.instagram.com\/iiba1918\/","https:\/\/www.linkedin.com\/company\/international-institute-of-the-bay-area"]},{"@type":"Person","@id":"https:\/\/iibayarea.org\/es\/#\/schema\/person\/6bb932f4371a0161e2c62c8020fbb8da","name":"Isabella Alvarenga","image":{"@type":"ImageObject","inLanguage":"es","@id":"https:\/\/secure.gravatar.com\/avatar\/b2bd89dff5e8c2c4c3b119a8ea4e74bc044ce45fbe306c48486759f8294a661d?s=96&d=mm&r=g","url":"https:\/\/secure.gravatar.com\/avatar\/b2bd89dff5e8c2c4c3b119a8ea4e74bc044ce45fbe306c48486759f8294a661d?s=96&d=mm&r=g","contentUrl":"https:\/\/secure.gravatar.com\/avatar\/b2bd89dff5e8c2c4c3b119a8ea4e74bc044ce45fbe306c48486759f8294a661d?s=96&d=mm&r=g","caption":"Isabella Alvarenga"},"url":"https:\/\/iibayarea.org\/es\/author\/isabella\/"}]}},"_links":{"self":[{"href":"https:\/\/iibayarea.org\/es\/wp-json\/wp\/v2\/posts\/12910","targetHints":{"allow":["GET"]}}],"collection":[{"href":"https:\/\/iibayarea.org\/es\/wp-json\/wp\/v2\/posts"}],"about":[{"href":"https:\/\/iibayarea.org\/es\/wp-json\/wp\/v2\/types\/post"}],"author":[{"embeddable":true,"href":"https:\/\/iibayarea.org\/es\/wp-json\/wp\/v2\/users\/3"}],"replies":[{"embeddable":true,"href":"https:\/\/iibayarea.org\/es\/wp-json\/wp\/v2\/comments?post=12910"}],"version-history":[{"count":0,"href":"https:\/\/iibayarea.org\/es\/wp-json\/wp\/v2\/posts\/12910\/revisions"}],"wp:featuredmedia":[{"embeddable":true,"href":"https:\/\/iibayarea.org\/es\/wp-json\/wp\/v2\/media\/12911"}],"wp:attachment":[{"href":"https:\/\/iibayarea.org\/es\/wp-json\/wp\/v2\/media?parent=12910"}],"wp:term":[{"taxonomy":"category","embeddable":true,"href":"https:\/\/iibayarea.org\/es\/wp-json\/wp\/v2\/categories?post=12910"},{"taxonomy":"post_tag","embeddable":true,"href":"https:\/\/iibayarea.org\/es\/wp-json\/wp\/v2\/tags?post=12910"},{"taxonomy":"region","embeddable":true,"href":"https:\/\/iibayarea.org\/es\/wp-json\/wp\/v2\/region?post=12910"}],"curies":[{"name":"wp","href":"https:\/\/api.w.org\/{rel}","templated":true}]}}