{"id":12923,"date":"2017-07-25T15:09:36","date_gmt":"2017-07-25T22:09:36","guid":{"rendered":"https:\/\/iibayarea.local\/cliente-del-iiba-amelia-hernandez\/"},"modified":"2025-11-13T16:17:38","modified_gmt":"2025-11-14T00:17:38","slug":"cliente-del-iiba-amelia-hernandez","status":"publish","type":"post","link":"https:\/\/iibayarea.org\/es\/immigrant-voices-es\/cliente-del-iiba-amelia-hernandez\/","title":{"rendered":"Cliente del IIBA: Amelia Hern\u00e1ndez"},"content":{"rendered":"\n<div class=\"wp-block-image\"><figure class=\"alignright\"><a href=\"https:\/\/iibayarea.org\/wp-content\/uploads\/2019\/06\/Amelia-e1500325173461.jpg\"><img loading=\"lazy\" decoding=\"async\" width=\"300\" height=\"300\" src=\"https:\/\/iibayarea.org\/wp-content\/uploads\/2019\/06\/Amelia-e1500325173461.jpg\" alt=\"\" class=\"wp-image-5817\"\/><\/a><\/figure><\/div>\n\n<p>\u00abEl personal del IIBA siempre me mantuvo informada del estado de mi caso y me hizo sentir segura\u00bb, dice Amelia Hern\u00e1ndez. Aprecia esa sensaci\u00f3n de seguridad m\u00e1s que nunca despu\u00e9s de su viaje de pesadilla a Estados Unidos. <\/p>\n\n<p>Amelia hab\u00eda vivido una vida c\u00f3moda con su familia en M\u00e9xico hasta que un hombre al que consideraba su amigo la traicion\u00f3. Amelia, que entonces ten\u00eda quince a\u00f1os, sufr\u00eda dolores de est\u00f3mago, as\u00ed que este hombre se ofreci\u00f3 a llevarla a Ciudad de M\u00e9xico para que visitara a un m\u00e9dico que conoc\u00eda. Antes de subir al coche, la anim\u00f3 a tomar unos \u00abanalg\u00e9sicos\u00bb que hab\u00eda comprado. El medicamento era en realidad un sedante, y Amelia no se despert\u00f3 en una cl\u00ednica m\u00e9dica, sino en la frontera entre M\u00e9xico y EEUU.   <\/p>\n\n<p>Amelia se dio cuenta enseguida de que su \u00abamigo\u00bb la hab\u00eda secuestrado. Hab\u00eda obtenido documentos falsos para introducir a Amelia de contrabando en EE.UU., y cuando ella intent\u00f3 huir, \u00e9l la amenaz\u00f3 con hacer da\u00f1o a su familia. Atrapada, Amelia entr\u00f3 en Estados Unidos bajo coacci\u00f3n. \u00abMi vida dio un vuelco de un d\u00eda para otro\u00bb, dice Amelia. \u00abAhora viv\u00eda en un pa\u00eds nuevo a una edad muy temprana y tuve que madurar muy deprisa\u00bb.    <\/p>\n\n<p>Confiando en una vecina de la que se hab\u00eda hecho amiga, Amelia revel\u00f3 la forma en que hab\u00eda entrado en el pa\u00eds. La vecina envi\u00f3 a Amelia al IIBA, segura de que si alguien pod\u00eda ayudar a Amelia, era el IIBA. Asistir a una consulta del IIBA dio a Amelia la fuerza que necesitaba para denunciar los abusos que sufr\u00eda y las condiciones carcelarias en las que viv\u00eda.  <\/p>\n\n<p>Gracias a Amelia, la polic\u00eda detuvo a su captor y lo deport\u00f3 a M\u00e9xico. Mientras tanto, el IIBA ayud\u00f3 a Amelia a solicitar un visado U, ajustando su situaci\u00f3n legal, permiti\u00e9ndole obtener un permiso de trabajo, permiti\u00e9ndole visitar a su familia en M\u00e9xico y poni\u00e9ndola en el camino hacia la ciudadan\u00eda estadounidense. <\/p>\n\n<p>Convertirse en residente legal permanente permiti\u00f3 a Amelia establecer una vida estable e independiente. \u00abEl experimentado personal del IIBA me ayud\u00f3 a sentirme acogida y segura\u00bb, recuerda Amelia. \u00abGracias al IIBA, pude visitar M\u00e9xico tras 14 a\u00f1os separada de mi familia. Me fui siendo una ingenua quincea\u00f1era y volv\u00ed siendo una adulta con un marido cari\u00f1oso y tres hijos.\u00bb  <\/p>\n","protected":false},"excerpt":{"rendered":"<p>\u00abEl personal del IIBA siempre me mantuvo informada del estado de mi caso y me hizo sentir segura\u00bb, dice Amelia Hern\u00e1ndez. Aprecia esa sensaci\u00f3n de seguridad m\u00e1s que nunca despu\u00e9s de su viaje de pesadilla a Estados Unidos. <\/p>\n","protected":false},"author":3,"featured_media":8400,"comment_status":"closed","ping_status":"open","sticky":false,"template":"","format":"standard","meta":{"_acf_changed":false,"footnotes":""},"categories":[1471],"tags":[1485,1486,1508],"region":[],"class_list":["post-12923","post","type-post","status-publish","format-standard","has-post-thumbnail","hentry","category-immigrant-voices-es","tag-cliente-del-iiba","tag-immigrant-voices","tag-mexico"],"acf":[],"featured_image_urls_v2":{"full":["https:\/\/iibayarea.org\/wp-content\/uploads\/2017\/07\/Amelia.jpg",300,300,false],"thumbnail":["https:\/\/iibayarea.org\/wp-content\/uploads\/2017\/07\/Amelia-150x150.jpg",150,150,true],"medium":["https:\/\/iibayarea.org\/wp-content\/uploads\/2017\/07\/Amelia.jpg",300,300,false],"medium_large":["https:\/\/iibayarea.org\/wp-content\/uploads\/2017\/07\/Amelia.jpg",300,300,false],"large":["https:\/\/iibayarea.org\/wp-content\/uploads\/2017\/07\/Amelia.jpg",300,300,false],"1536x1536":["https:\/\/iibayarea.org\/wp-content\/uploads\/2017\/07\/Amelia.jpg",300,300,false],"2048x2048":["https:\/\/iibayarea.org\/wp-content\/uploads\/2017\/07\/Amelia.jpg",300,300,false],"gform-image-choice-sm":["https:\/\/iibayarea.org\/wp-content\/uploads\/2017\/07\/Amelia.jpg",300,300,false],"gform-image-choice-md":["https:\/\/iibayarea.org\/wp-content\/uploads\/2017\/07\/Amelia.jpg",300,300,false],"gform-image-choice-lg":["https:\/\/iibayarea.org\/wp-content\/uploads\/2017\/07\/Amelia.jpg",300,300,false]},"post_excerpt_stackable_v2":"<p>\u00abEl personal del IIBA siempre me mantuvo informada del estado de mi caso y me hizo sentir segura\u00bb, dice Amelia Hern\u00e1ndez. Aprecia esa sensaci\u00f3n de seguridad m\u00e1s que nunca despu\u00e9s de su viaje de pesadilla a Estados Unidos. <\/p>\n","category_list_v2":"<a href=\"https:\/\/iibayarea.org\/es\/categoria\/immigrant-voices-es\/\" rel=\"category tag\">Immigrant Voices<\/a>","author_info_v2":{"name":"Isabella Alvarenga","url":"https:\/\/iibayarea.org\/es\/author\/isabella\/"},"comments_num_v2":"0 comentarios","yoast_head":"<!-- This site is optimized with the Yoast SEO plugin v27.5 - https:\/\/yoast.com\/product\/yoast-seo-wordpress\/ -->\n<title>Cliente del IIBA: Amelia Hern\u00e1ndez | Immigration Institute of the Bay Area<\/title>\n<meta name=\"robots\" content=\"index, follow, max-snippet:-1, max-image-preview:large, max-video-preview:-1\" \/>\n<link rel=\"canonical\" href=\"https:\/\/iibayarea.org\/es\/immigrant-voices-es\/cliente-del-iiba-amelia-hernandez\/\" \/>\n<meta property=\"og:locale\" content=\"es_ES\" \/>\n<meta property=\"og:type\" content=\"article\" \/>\n<meta property=\"og:title\" content=\"Cliente del IIBA: Amelia Hern\u00e1ndez | Immigration Institute of the Bay Area\" \/>\n<meta property=\"og:description\" content=\"&quot;El personal del IIBA siempre me mantuvo informada del estado de mi caso y me hizo sentir segura&quot;, dice Amelia Hern\u00e1ndez. Aprecia esa sensaci\u00f3n de seguridad m\u00e1s que nunca despu\u00e9s de su viaje de pesadilla a Estados Unidos.\" \/>\n<meta property=\"og:url\" content=\"https:\/\/iibayarea.org\/es\/immigrant-voices-es\/cliente-del-iiba-amelia-hernandez\/\" \/>\n<meta property=\"og:site_name\" content=\"Immigration Institute of the Bay Area\" \/>\n<meta property=\"article:publisher\" content=\"https:\/\/facebook.com\/iiba1918\" \/>\n<meta property=\"article:published_time\" content=\"2017-07-25T22:09:36+00:00\" \/>\n<meta property=\"article:modified_time\" content=\"2025-11-14T00:17:38+00:00\" \/>\n<meta property=\"og:image\" content=\"https:\/\/iibayarea.org\/wp-content\/uploads\/2017\/07\/Amelia.jpg\" \/>\n\t<meta property=\"og:image:width\" content=\"300\" \/>\n\t<meta property=\"og:image:height\" content=\"300\" \/>\n\t<meta property=\"og:image:type\" content=\"image\/jpeg\" \/>\n<meta name=\"author\" content=\"Isabella Alvarenga\" \/>\n<meta name=\"twitter:card\" content=\"summary_large_image\" \/>\n<meta name=\"twitter:creator\" content=\"@IIBA1918\" \/>\n<meta name=\"twitter:site\" content=\"@IIBA1918\" \/>\n<meta name=\"twitter:label1\" content=\"Escrito por\" \/>\n\t<meta name=\"twitter:data1\" content=\"Isabella Alvarenga\" \/>\n\t<meta name=\"twitter:label2\" content=\"Tiempo de lectura\" \/>\n\t<meta name=\"twitter:data2\" content=\"2 minutos\" \/>\n<script type=\"application\/ld+json\" class=\"yoast-schema-graph\">{\"@context\":\"https:\\\/\\\/schema.org\",\"@graph\":[{\"@type\":\"Article\",\"@id\":\"https:\\\/\\\/iibayarea.org\\\/es\\\/immigrant-voices-es\\\/cliente-del-iiba-amelia-hernandez\\\/#article\",\"isPartOf\":{\"@id\":\"https:\\\/\\\/iibayarea.org\\\/es\\\/immigrant-voices-es\\\/cliente-del-iiba-amelia-hernandez\\\/\"},\"author\":{\"name\":\"Isabella Alvarenga\",\"@id\":\"https:\\\/\\\/iibayarea.org\\\/es\\\/#\\\/schema\\\/person\\\/6bb932f4371a0161e2c62c8020fbb8da\"},\"headline\":\"Cliente del IIBA: Amelia Hern\u00e1ndez\",\"datePublished\":\"2017-07-25T22:09:36+00:00\",\"dateModified\":\"2025-11-14T00:17:38+00:00\",\"mainEntityOfPage\":{\"@id\":\"https:\\\/\\\/iibayarea.org\\\/es\\\/immigrant-voices-es\\\/cliente-del-iiba-amelia-hernandez\\\/\"},\"wordCount\":432,\"publisher\":{\"@id\":\"https:\\\/\\\/iibayarea.org\\\/es\\\/#organization\"},\"image\":{\"@id\":\"https:\\\/\\\/iibayarea.org\\\/es\\\/immigrant-voices-es\\\/cliente-del-iiba-amelia-hernandez\\\/#primaryimage\"},\"thumbnailUrl\":\"https:\\\/\\\/iibayarea.org\\\/wp-content\\\/uploads\\\/2017\\\/07\\\/Amelia.jpg\",\"keywords\":[\"Cliente del IIBA\",\"Immigrant Voices\",\"M\u00e9xico\"],\"articleSection\":[\"Immigrant Voices\"],\"inLanguage\":\"es\"},{\"@type\":\"WebPage\",\"@id\":\"https:\\\/\\\/iibayarea.org\\\/es\\\/immigrant-voices-es\\\/cliente-del-iiba-amelia-hernandez\\\/\",\"url\":\"https:\\\/\\\/iibayarea.org\\\/es\\\/immigrant-voices-es\\\/cliente-del-iiba-amelia-hernandez\\\/\",\"name\":\"Cliente del IIBA: Amelia Hern\u00e1ndez | Immigration Institute of the Bay Area\",\"isPartOf\":{\"@id\":\"https:\\\/\\\/iibayarea.org\\\/es\\\/#website\"},\"primaryImageOfPage\":{\"@id\":\"https:\\\/\\\/iibayarea.org\\\/es\\\/immigrant-voices-es\\\/cliente-del-iiba-amelia-hernandez\\\/#primaryimage\"},\"image\":{\"@id\":\"https:\\\/\\\/iibayarea.org\\\/es\\\/immigrant-voices-es\\\/cliente-del-iiba-amelia-hernandez\\\/#primaryimage\"},\"thumbnailUrl\":\"https:\\\/\\\/iibayarea.org\\\/wp-content\\\/uploads\\\/2017\\\/07\\\/Amelia.jpg\",\"datePublished\":\"2017-07-25T22:09:36+00:00\",\"dateModified\":\"2025-11-14T00:17:38+00:00\",\"breadcrumb\":{\"@id\":\"https:\\\/\\\/iibayarea.org\\\/es\\\/immigrant-voices-es\\\/cliente-del-iiba-amelia-hernandez\\\/#breadcrumb\"},\"inLanguage\":\"es\",\"potentialAction\":[{\"@type\":\"ReadAction\",\"target\":[\"https:\\\/\\\/iibayarea.org\\\/es\\\/immigrant-voices-es\\\/cliente-del-iiba-amelia-hernandez\\\/\"]}]},{\"@type\":\"ImageObject\",\"inLanguage\":\"es\",\"@id\":\"https:\\\/\\\/iibayarea.org\\\/es\\\/immigrant-voices-es\\\/cliente-del-iiba-amelia-hernandez\\\/#primaryimage\",\"url\":\"https:\\\/\\\/iibayarea.org\\\/wp-content\\\/uploads\\\/2017\\\/07\\\/Amelia.jpg\",\"contentUrl\":\"https:\\\/\\\/iibayarea.org\\\/wp-content\\\/uploads\\\/2017\\\/07\\\/Amelia.jpg\",\"width\":300,\"height\":300},{\"@type\":\"BreadcrumbList\",\"@id\":\"https:\\\/\\\/iibayarea.org\\\/es\\\/immigrant-voices-es\\\/cliente-del-iiba-amelia-hernandez\\\/#breadcrumb\",\"itemListElement\":[{\"@type\":\"ListItem\",\"position\":1,\"name\":\"Home\",\"item\":\"https:\\\/\\\/iibayarea.org\\\/es\\\/\"},{\"@type\":\"ListItem\",\"position\":2,\"name\":\"Cliente del IIBA: Amelia Hern\u00e1ndez\"}]},{\"@type\":\"WebSite\",\"@id\":\"https:\\\/\\\/iibayarea.org\\\/es\\\/#website\",\"url\":\"https:\\\/\\\/iibayarea.org\\\/es\\\/\",\"name\":\"Immigration Institute of the Bay Area\",\"description\":\"a nonprofit providing immigration legal services\",\"publisher\":{\"@id\":\"https:\\\/\\\/iibayarea.org\\\/es\\\/#organization\"},\"potentialAction\":[{\"@type\":\"SearchAction\",\"target\":{\"@type\":\"EntryPoint\",\"urlTemplate\":\"https:\\\/\\\/iibayarea.org\\\/es\\\/?s={search_term_string}\"},\"query-input\":{\"@type\":\"PropertyValueSpecification\",\"valueRequired\":true,\"valueName\":\"search_term_string\"}}],\"inLanguage\":\"es\"},{\"@type\":\"Organization\",\"@id\":\"https:\\\/\\\/iibayarea.org\\\/es\\\/#organization\",\"name\":\"Immigration Institute of the Bay Area (IIBA)\",\"url\":\"https:\\\/\\\/iibayarea.org\\\/es\\\/\",\"logo\":{\"@type\":\"ImageObject\",\"inLanguage\":\"es\",\"@id\":\"https:\\\/\\\/iibayarea.org\\\/es\\\/#\\\/schema\\\/logo\\\/image\\\/\",\"url\":\"https:\\\/\\\/iibayarea.org\\\/wp-content\\\/uploads\\\/2022\\\/06\\\/Logo_Full_Name.png\",\"contentUrl\":\"https:\\\/\\\/iibayarea.org\\\/wp-content\\\/uploads\\\/2022\\\/06\\\/Logo_Full_Name.png\",\"width\":4800,\"height\":1200,\"caption\":\"Immigration Institute of the Bay Area (IIBA)\"},\"image\":{\"@id\":\"https:\\\/\\\/iibayarea.org\\\/es\\\/#\\\/schema\\\/logo\\\/image\\\/\"},\"sameAs\":[\"https:\\\/\\\/facebook.com\\\/iiba1918\",\"https:\\\/\\\/x.com\\\/IIBA1918\",\"https:\\\/\\\/www.instagram.com\\\/iiba1918\\\/\",\"https:\\\/\\\/www.linkedin.com\\\/company\\\/international-institute-of-the-bay-area\"]},{\"@type\":\"Person\",\"@id\":\"https:\\\/\\\/iibayarea.org\\\/es\\\/#\\\/schema\\\/person\\\/6bb932f4371a0161e2c62c8020fbb8da\",\"name\":\"Isabella Alvarenga\",\"image\":{\"@type\":\"ImageObject\",\"inLanguage\":\"es\",\"@id\":\"https:\\\/\\\/secure.gravatar.com\\\/avatar\\\/b2bd89dff5e8c2c4c3b119a8ea4e74bc044ce45fbe306c48486759f8294a661d?s=96&d=mm&r=g\",\"url\":\"https:\\\/\\\/secure.gravatar.com\\\/avatar\\\/b2bd89dff5e8c2c4c3b119a8ea4e74bc044ce45fbe306c48486759f8294a661d?s=96&d=mm&r=g\",\"contentUrl\":\"https:\\\/\\\/secure.gravatar.com\\\/avatar\\\/b2bd89dff5e8c2c4c3b119a8ea4e74bc044ce45fbe306c48486759f8294a661d?s=96&d=mm&r=g\",\"caption\":\"Isabella Alvarenga\"},\"url\":\"https:\\\/\\\/iibayarea.org\\\/es\\\/author\\\/isabella\\\/\"}]}<\/script>\n<!-- \/ Yoast SEO plugin. -->","yoast_head_json":{"title":"Cliente del IIBA: Amelia Hern\u00e1ndez | Immigration Institute of the Bay Area","robots":{"index":"index","follow":"follow","max-snippet":"max-snippet:-1","max-image-preview":"max-image-preview:large","max-video-preview":"max-video-preview:-1"},"canonical":"https:\/\/iibayarea.org\/es\/immigrant-voices-es\/cliente-del-iiba-amelia-hernandez\/","og_locale":"es_ES","og_type":"article","og_title":"Cliente del IIBA: Amelia Hern\u00e1ndez | Immigration Institute of the Bay Area","og_description":"\"El personal del IIBA siempre me mantuvo informada del estado de mi caso y me hizo sentir segura\", dice Amelia Hern\u00e1ndez. Aprecia esa sensaci\u00f3n de seguridad m\u00e1s que nunca despu\u00e9s de su viaje de pesadilla a Estados Unidos.","og_url":"https:\/\/iibayarea.org\/es\/immigrant-voices-es\/cliente-del-iiba-amelia-hernandez\/","og_site_name":"Immigration Institute of the Bay Area","article_publisher":"https:\/\/facebook.com\/iiba1918","article_published_time":"2017-07-25T22:09:36+00:00","article_modified_time":"2025-11-14T00:17:38+00:00","og_image":[{"width":300,"height":300,"url":"https:\/\/iibayarea.org\/wp-content\/uploads\/2017\/07\/Amelia.jpg","type":"image\/jpeg"}],"author":"Isabella Alvarenga","twitter_card":"summary_large_image","twitter_creator":"@IIBA1918","twitter_site":"@IIBA1918","twitter_misc":{"Escrito por":"Isabella Alvarenga","Tiempo de lectura":"2 minutos"},"schema":{"@context":"https:\/\/schema.org","@graph":[{"@type":"Article","@id":"https:\/\/iibayarea.org\/es\/immigrant-voices-es\/cliente-del-iiba-amelia-hernandez\/#article","isPartOf":{"@id":"https:\/\/iibayarea.org\/es\/immigrant-voices-es\/cliente-del-iiba-amelia-hernandez\/"},"author":{"name":"Isabella Alvarenga","@id":"https:\/\/iibayarea.org\/es\/#\/schema\/person\/6bb932f4371a0161e2c62c8020fbb8da"},"headline":"Cliente del IIBA: Amelia Hern\u00e1ndez","datePublished":"2017-07-25T22:09:36+00:00","dateModified":"2025-11-14T00:17:38+00:00","mainEntityOfPage":{"@id":"https:\/\/iibayarea.org\/es\/immigrant-voices-es\/cliente-del-iiba-amelia-hernandez\/"},"wordCount":432,"publisher":{"@id":"https:\/\/iibayarea.org\/es\/#organization"},"image":{"@id":"https:\/\/iibayarea.org\/es\/immigrant-voices-es\/cliente-del-iiba-amelia-hernandez\/#primaryimage"},"thumbnailUrl":"https:\/\/iibayarea.org\/wp-content\/uploads\/2017\/07\/Amelia.jpg","keywords":["Cliente del IIBA","Immigrant Voices","M\u00e9xico"],"articleSection":["Immigrant Voices"],"inLanguage":"es"},{"@type":"WebPage","@id":"https:\/\/iibayarea.org\/es\/immigrant-voices-es\/cliente-del-iiba-amelia-hernandez\/","url":"https:\/\/iibayarea.org\/es\/immigrant-voices-es\/cliente-del-iiba-amelia-hernandez\/","name":"Cliente del IIBA: Amelia Hern\u00e1ndez | Immigration Institute of the Bay Area","isPartOf":{"@id":"https:\/\/iibayarea.org\/es\/#website"},"primaryImageOfPage":{"@id":"https:\/\/iibayarea.org\/es\/immigrant-voices-es\/cliente-del-iiba-amelia-hernandez\/#primaryimage"},"image":{"@id":"https:\/\/iibayarea.org\/es\/immigrant-voices-es\/cliente-del-iiba-amelia-hernandez\/#primaryimage"},"thumbnailUrl":"https:\/\/iibayarea.org\/wp-content\/uploads\/2017\/07\/Amelia.jpg","datePublished":"2017-07-25T22:09:36+00:00","dateModified":"2025-11-14T00:17:38+00:00","breadcrumb":{"@id":"https:\/\/iibayarea.org\/es\/immigrant-voices-es\/cliente-del-iiba-amelia-hernandez\/#breadcrumb"},"inLanguage":"es","potentialAction":[{"@type":"ReadAction","target":["https:\/\/iibayarea.org\/es\/immigrant-voices-es\/cliente-del-iiba-amelia-hernandez\/"]}]},{"@type":"ImageObject","inLanguage":"es","@id":"https:\/\/iibayarea.org\/es\/immigrant-voices-es\/cliente-del-iiba-amelia-hernandez\/#primaryimage","url":"https:\/\/iibayarea.org\/wp-content\/uploads\/2017\/07\/Amelia.jpg","contentUrl":"https:\/\/iibayarea.org\/wp-content\/uploads\/2017\/07\/Amelia.jpg","width":300,"height":300},{"@type":"BreadcrumbList","@id":"https:\/\/iibayarea.org\/es\/immigrant-voices-es\/cliente-del-iiba-amelia-hernandez\/#breadcrumb","itemListElement":[{"@type":"ListItem","position":1,"name":"Home","item":"https:\/\/iibayarea.org\/es\/"},{"@type":"ListItem","position":2,"name":"Cliente del IIBA: Amelia Hern\u00e1ndez"}]},{"@type":"WebSite","@id":"https:\/\/iibayarea.org\/es\/#website","url":"https:\/\/iibayarea.org\/es\/","name":"Immigration Institute of the Bay Area","description":"a nonprofit providing immigration legal services","publisher":{"@id":"https:\/\/iibayarea.org\/es\/#organization"},"potentialAction":[{"@type":"SearchAction","target":{"@type":"EntryPoint","urlTemplate":"https:\/\/iibayarea.org\/es\/?s={search_term_string}"},"query-input":{"@type":"PropertyValueSpecification","valueRequired":true,"valueName":"search_term_string"}}],"inLanguage":"es"},{"@type":"Organization","@id":"https:\/\/iibayarea.org\/es\/#organization","name":"Immigration Institute of the Bay Area (IIBA)","url":"https:\/\/iibayarea.org\/es\/","logo":{"@type":"ImageObject","inLanguage":"es","@id":"https:\/\/iibayarea.org\/es\/#\/schema\/logo\/image\/","url":"https:\/\/iibayarea.org\/wp-content\/uploads\/2022\/06\/Logo_Full_Name.png","contentUrl":"https:\/\/iibayarea.org\/wp-content\/uploads\/2022\/06\/Logo_Full_Name.png","width":4800,"height":1200,"caption":"Immigration Institute of the Bay Area (IIBA)"},"image":{"@id":"https:\/\/iibayarea.org\/es\/#\/schema\/logo\/image\/"},"sameAs":["https:\/\/facebook.com\/iiba1918","https:\/\/x.com\/IIBA1918","https:\/\/www.instagram.com\/iiba1918\/","https:\/\/www.linkedin.com\/company\/international-institute-of-the-bay-area"]},{"@type":"Person","@id":"https:\/\/iibayarea.org\/es\/#\/schema\/person\/6bb932f4371a0161e2c62c8020fbb8da","name":"Isabella Alvarenga","image":{"@type":"ImageObject","inLanguage":"es","@id":"https:\/\/secure.gravatar.com\/avatar\/b2bd89dff5e8c2c4c3b119a8ea4e74bc044ce45fbe306c48486759f8294a661d?s=96&d=mm&r=g","url":"https:\/\/secure.gravatar.com\/avatar\/b2bd89dff5e8c2c4c3b119a8ea4e74bc044ce45fbe306c48486759f8294a661d?s=96&d=mm&r=g","contentUrl":"https:\/\/secure.gravatar.com\/avatar\/b2bd89dff5e8c2c4c3b119a8ea4e74bc044ce45fbe306c48486759f8294a661d?s=96&d=mm&r=g","caption":"Isabella Alvarenga"},"url":"https:\/\/iibayarea.org\/es\/author\/isabella\/"}]}},"_links":{"self":[{"href":"https:\/\/iibayarea.org\/es\/wp-json\/wp\/v2\/posts\/12923","targetHints":{"allow":["GET"]}}],"collection":[{"href":"https:\/\/iibayarea.org\/es\/wp-json\/wp\/v2\/posts"}],"about":[{"href":"https:\/\/iibayarea.org\/es\/wp-json\/wp\/v2\/types\/post"}],"author":[{"embeddable":true,"href":"https:\/\/iibayarea.org\/es\/wp-json\/wp\/v2\/users\/3"}],"replies":[{"embeddable":true,"href":"https:\/\/iibayarea.org\/es\/wp-json\/wp\/v2\/comments?post=12923"}],"version-history":[{"count":0,"href":"https:\/\/iibayarea.org\/es\/wp-json\/wp\/v2\/posts\/12923\/revisions"}],"wp:featuredmedia":[{"embeddable":true,"href":"https:\/\/iibayarea.org\/es\/wp-json\/wp\/v2\/media\/8400"}],"wp:attachment":[{"href":"https:\/\/iibayarea.org\/es\/wp-json\/wp\/v2\/media?parent=12923"}],"wp:term":[{"taxonomy":"category","embeddable":true,"href":"https:\/\/iibayarea.org\/es\/wp-json\/wp\/v2\/categories?post=12923"},{"taxonomy":"post_tag","embeddable":true,"href":"https:\/\/iibayarea.org\/es\/wp-json\/wp\/v2\/tags?post=12923"},{"taxonomy":"region","embeddable":true,"href":"https:\/\/iibayarea.org\/es\/wp-json\/wp\/v2\/region?post=12923"}],"curies":[{"name":"wp","href":"https:\/\/api.w.org\/{rel}","templated":true}]}}