{"id":12924,"date":"2017-07-25T13:12:39","date_gmt":"2017-07-25T20:12:39","guid":{"rendered":"https:\/\/iibayarea.local\/personal-del-iiba-diamante-rueda\/"},"modified":"2025-11-13T16:17:38","modified_gmt":"2025-11-14T00:17:38","slug":"personal-del-iiba-diamante-rueda","status":"publish","type":"post","link":"https:\/\/iibayarea.org\/es\/immigrant-voices-es\/personal-del-iiba-diamante-rueda\/","title":{"rendered":"Personal del IIBA: Diamante Rueda"},"content":{"rendered":"\n<div class=\"wp-block-image\"><figure class=\"alignright\"><a href=\"http:\/\/iiba1918.wpengine.com\/wp-content\/uploads\/2017\/07\/Diamante-1-e1501184950952.jpg\"><img decoding=\"async\" src=\"https:\/\/iibayarea.org\/wp-content\/uploads\/2019\/06\/Diamante-1-300x300.jpg\" alt=\"\" class=\"wp-image-5860\"\/><\/a><\/figure><\/div>\n\n<p>Diamante es la Coordinadora de Asistencia Jur\u00eddica de la oficina del IIBA en Redwood City y educa a la comunidad inmigrante sobre sus derechos constitucionales. Tambi\u00e9n trabaja en diversos casos de inmigraci\u00f3n y coordina el programa DACA. Diamante eligi\u00f3 el IIBA porque le apasiona defender a la comunidad inmigrante. Est\u00e1 orgullosa de ayudar a las poblaciones desatendidas del \u00c1rea de la Bah\u00eda.   <\/p>\n\n<p>Diamante se licenci\u00f3 cum laude en Administraci\u00f3n de Empresas y Contabilidad y en Ciencias Pol\u00edticas por la Universidad Estatal de Sonoma.<\/p>\n\n<p>Antes de unirse al IIBA, Diamante fue becaria de Equal Justice Works en el Centro de Recursos Centroamericanos de Los \u00c1ngeles durante dos a\u00f1os, donde ayud\u00f3 a inmigrantes con DACA, naturalizaci\u00f3n, visados U, asilo y otras formas de ayuda. De 2014 a 2015, Diamante fue voluntaria en Legal Aid of Marin y en el Centro Legal de la Raza, donde trabaj\u00f3 con personas de bajos ingresos. <\/p>\n","protected":false},"excerpt":{"rendered":"<p>Diamante es la Coordinadora de Asistencia Jur\u00eddica de la oficina del IIBA en Redwood City y educa a la comunidad inmigrante sobre sus derechos constitucionales. Tambi\u00e9n trabaja en diversos casos de inmigraci\u00f3n y coordina el programa DACA. Diamante eligi\u00f3 el IIBA porque le apasiona defender a la comunidad inmigrante.    <\/p>\n","protected":false},"author":3,"featured_media":8402,"comment_status":"closed","ping_status":"open","sticky":false,"template":"","format":"standard","meta":{"_acf_changed":false,"footnotes":""},"categories":[1471],"tags":[1511,1510,1509,1500],"region":[],"class_list":["post-12924","post","type-post","status-publish","format-standard","has-post-thumbnail","hentry","category-immigrant-voices-es","tag-coordinador-de-divulgacion","tag-daca","tag-iiba","tag-personal-del-iiba"],"acf":[],"featured_image_urls_v2":{"full":["https:\/\/iibayarea.org\/wp-content\/uploads\/2017\/07\/diamante.jpg",300,300,false],"thumbnail":["https:\/\/iibayarea.org\/wp-content\/uploads\/2017\/07\/diamante-150x150.jpg",150,150,true],"medium":["https:\/\/iibayarea.org\/wp-content\/uploads\/2017\/07\/diamante.jpg",300,300,false],"medium_large":["https:\/\/iibayarea.org\/wp-content\/uploads\/2017\/07\/diamante.jpg",300,300,false],"large":["https:\/\/iibayarea.org\/wp-content\/uploads\/2017\/07\/diamante.jpg",300,300,false],"1536x1536":["https:\/\/iibayarea.org\/wp-content\/uploads\/2017\/07\/diamante.jpg",300,300,false],"2048x2048":["https:\/\/iibayarea.org\/wp-content\/uploads\/2017\/07\/diamante.jpg",300,300,false],"gform-image-choice-sm":["https:\/\/iibayarea.org\/wp-content\/uploads\/2017\/07\/diamante.jpg",300,300,false],"gform-image-choice-md":["https:\/\/iibayarea.org\/wp-content\/uploads\/2017\/07\/diamante.jpg",300,300,false],"gform-image-choice-lg":["https:\/\/iibayarea.org\/wp-content\/uploads\/2017\/07\/diamante.jpg",300,300,false]},"post_excerpt_stackable_v2":"<p>Diamante es la Coordinadora de Asistencia Jur\u00eddica de la oficina del IIBA en Redwood City y educa a la comunidad inmigrante sobre sus derechos constitucionales. Tambi\u00e9n trabaja en diversos casos de inmigraci\u00f3n y coordina el programa DACA. Diamante eligi\u00f3 el IIBA porque le apasiona defender a la comunidad inmigrante.    <\/p>\n","category_list_v2":"<a href=\"https:\/\/iibayarea.org\/es\/categoria\/immigrant-voices-es\/\" rel=\"category tag\">Immigrant Voices<\/a>","author_info_v2":{"name":"Isabella Alvarenga","url":"https:\/\/iibayarea.org\/es\/author\/isabella\/"},"comments_num_v2":"0 comentarios","yoast_head":"<!-- This site is optimized with the Yoast SEO plugin v27.5 - https:\/\/yoast.com\/product\/yoast-seo-wordpress\/ -->\n<title>Personal del IIBA: Diamante Rueda | Immigration Institute of the Bay Area<\/title>\n<meta name=\"robots\" content=\"index, follow, max-snippet:-1, max-image-preview:large, max-video-preview:-1\" \/>\n<link rel=\"canonical\" href=\"https:\/\/iibayarea.org\/es\/immigrant-voices-es\/personal-del-iiba-diamante-rueda\/\" \/>\n<meta property=\"og:locale\" content=\"es_ES\" \/>\n<meta property=\"og:type\" content=\"article\" \/>\n<meta property=\"og:title\" content=\"Personal del IIBA: Diamante Rueda | Immigration Institute of the Bay Area\" \/>\n<meta property=\"og:description\" content=\"Diamante es la Coordinadora de Asistencia Jur\u00eddica de la oficina del IIBA en Redwood City y educa a la comunidad inmigrante sobre sus derechos constitucionales. Tambi\u00e9n trabaja en diversos casos de inmigraci\u00f3n y coordina el programa DACA. Diamante eligi\u00f3 el IIBA porque le apasiona defender a la comunidad inmigrante.\" \/>\n<meta property=\"og:url\" content=\"https:\/\/iibayarea.org\/es\/immigrant-voices-es\/personal-del-iiba-diamante-rueda\/\" \/>\n<meta property=\"og:site_name\" content=\"Immigration Institute of the Bay Area\" \/>\n<meta property=\"article:publisher\" content=\"https:\/\/facebook.com\/iiba1918\" \/>\n<meta property=\"article:published_time\" content=\"2017-07-25T20:12:39+00:00\" \/>\n<meta property=\"article:modified_time\" content=\"2025-11-14T00:17:38+00:00\" \/>\n<meta property=\"og:image\" content=\"https:\/\/iibayarea.org\/wp-content\/uploads\/2017\/07\/diamante.jpg\" \/>\n\t<meta property=\"og:image:width\" content=\"300\" \/>\n\t<meta property=\"og:image:height\" content=\"300\" \/>\n\t<meta property=\"og:image:type\" content=\"image\/jpeg\" \/>\n<meta name=\"author\" content=\"Isabella Alvarenga\" \/>\n<meta name=\"twitter:card\" content=\"summary_large_image\" \/>\n<meta name=\"twitter:creator\" content=\"@IIBA1918\" \/>\n<meta name=\"twitter:site\" content=\"@IIBA1918\" \/>\n<meta name=\"twitter:label1\" content=\"Escrito por\" \/>\n\t<meta name=\"twitter:data1\" content=\"Isabella Alvarenga\" \/>\n\t<meta name=\"twitter:label2\" content=\"Tiempo de lectura\" \/>\n\t<meta name=\"twitter:data2\" content=\"1 minuto\" \/>\n<script type=\"application\/ld+json\" class=\"yoast-schema-graph\">{\"@context\":\"https:\\\/\\\/schema.org\",\"@graph\":[{\"@type\":\"Article\",\"@id\":\"https:\\\/\\\/iibayarea.org\\\/es\\\/immigrant-voices-es\\\/personal-del-iiba-diamante-rueda\\\/#article\",\"isPartOf\":{\"@id\":\"https:\\\/\\\/iibayarea.org\\\/es\\\/immigrant-voices-es\\\/personal-del-iiba-diamante-rueda\\\/\"},\"author\":{\"name\":\"Isabella Alvarenga\",\"@id\":\"https:\\\/\\\/iibayarea.org\\\/es\\\/#\\\/schema\\\/person\\\/6bb932f4371a0161e2c62c8020fbb8da\"},\"headline\":\"Personal del IIBA: Diamante Rueda\",\"datePublished\":\"2017-07-25T20:12:39+00:00\",\"dateModified\":\"2025-11-14T00:17:38+00:00\",\"mainEntityOfPage\":{\"@id\":\"https:\\\/\\\/iibayarea.org\\\/es\\\/immigrant-voices-es\\\/personal-del-iiba-diamante-rueda\\\/\"},\"wordCount\":160,\"publisher\":{\"@id\":\"https:\\\/\\\/iibayarea.org\\\/es\\\/#organization\"},\"image\":{\"@id\":\"https:\\\/\\\/iibayarea.org\\\/es\\\/immigrant-voices-es\\\/personal-del-iiba-diamante-rueda\\\/#primaryimage\"},\"thumbnailUrl\":\"https:\\\/\\\/iibayarea.org\\\/wp-content\\\/uploads\\\/2017\\\/07\\\/diamante.jpg\",\"keywords\":[\"Coordinador de divulgaci\u00f3n\",\"DACA\",\"IIBA\",\"Personal del IIBA\"],\"articleSection\":[\"Immigrant Voices\"],\"inLanguage\":\"es\"},{\"@type\":\"WebPage\",\"@id\":\"https:\\\/\\\/iibayarea.org\\\/es\\\/immigrant-voices-es\\\/personal-del-iiba-diamante-rueda\\\/\",\"url\":\"https:\\\/\\\/iibayarea.org\\\/es\\\/immigrant-voices-es\\\/personal-del-iiba-diamante-rueda\\\/\",\"name\":\"Personal del IIBA: Diamante Rueda | Immigration Institute of the Bay Area\",\"isPartOf\":{\"@id\":\"https:\\\/\\\/iibayarea.org\\\/es\\\/#website\"},\"primaryImageOfPage\":{\"@id\":\"https:\\\/\\\/iibayarea.org\\\/es\\\/immigrant-voices-es\\\/personal-del-iiba-diamante-rueda\\\/#primaryimage\"},\"image\":{\"@id\":\"https:\\\/\\\/iibayarea.org\\\/es\\\/immigrant-voices-es\\\/personal-del-iiba-diamante-rueda\\\/#primaryimage\"},\"thumbnailUrl\":\"https:\\\/\\\/iibayarea.org\\\/wp-content\\\/uploads\\\/2017\\\/07\\\/diamante.jpg\",\"datePublished\":\"2017-07-25T20:12:39+00:00\",\"dateModified\":\"2025-11-14T00:17:38+00:00\",\"breadcrumb\":{\"@id\":\"https:\\\/\\\/iibayarea.org\\\/es\\\/immigrant-voices-es\\\/personal-del-iiba-diamante-rueda\\\/#breadcrumb\"},\"inLanguage\":\"es\",\"potentialAction\":[{\"@type\":\"ReadAction\",\"target\":[\"https:\\\/\\\/iibayarea.org\\\/es\\\/immigrant-voices-es\\\/personal-del-iiba-diamante-rueda\\\/\"]}]},{\"@type\":\"ImageObject\",\"inLanguage\":\"es\",\"@id\":\"https:\\\/\\\/iibayarea.org\\\/es\\\/immigrant-voices-es\\\/personal-del-iiba-diamante-rueda\\\/#primaryimage\",\"url\":\"https:\\\/\\\/iibayarea.org\\\/wp-content\\\/uploads\\\/2017\\\/07\\\/diamante.jpg\",\"contentUrl\":\"https:\\\/\\\/iibayarea.org\\\/wp-content\\\/uploads\\\/2017\\\/07\\\/diamante.jpg\",\"width\":300,\"height\":300},{\"@type\":\"BreadcrumbList\",\"@id\":\"https:\\\/\\\/iibayarea.org\\\/es\\\/immigrant-voices-es\\\/personal-del-iiba-diamante-rueda\\\/#breadcrumb\",\"itemListElement\":[{\"@type\":\"ListItem\",\"position\":1,\"name\":\"Home\",\"item\":\"https:\\\/\\\/iibayarea.org\\\/es\\\/\"},{\"@type\":\"ListItem\",\"position\":2,\"name\":\"Personal del IIBA: Diamante Rueda\"}]},{\"@type\":\"WebSite\",\"@id\":\"https:\\\/\\\/iibayarea.org\\\/es\\\/#website\",\"url\":\"https:\\\/\\\/iibayarea.org\\\/es\\\/\",\"name\":\"Immigration Institute of the Bay Area\",\"description\":\"a nonprofit providing immigration legal services\",\"publisher\":{\"@id\":\"https:\\\/\\\/iibayarea.org\\\/es\\\/#organization\"},\"potentialAction\":[{\"@type\":\"SearchAction\",\"target\":{\"@type\":\"EntryPoint\",\"urlTemplate\":\"https:\\\/\\\/iibayarea.org\\\/es\\\/?s={search_term_string}\"},\"query-input\":{\"@type\":\"PropertyValueSpecification\",\"valueRequired\":true,\"valueName\":\"search_term_string\"}}],\"inLanguage\":\"es\"},{\"@type\":\"Organization\",\"@id\":\"https:\\\/\\\/iibayarea.org\\\/es\\\/#organization\",\"name\":\"Immigration Institute of the Bay Area (IIBA)\",\"url\":\"https:\\\/\\\/iibayarea.org\\\/es\\\/\",\"logo\":{\"@type\":\"ImageObject\",\"inLanguage\":\"es\",\"@id\":\"https:\\\/\\\/iibayarea.org\\\/es\\\/#\\\/schema\\\/logo\\\/image\\\/\",\"url\":\"https:\\\/\\\/iibayarea.org\\\/wp-content\\\/uploads\\\/2022\\\/06\\\/Logo_Full_Name.png\",\"contentUrl\":\"https:\\\/\\\/iibayarea.org\\\/wp-content\\\/uploads\\\/2022\\\/06\\\/Logo_Full_Name.png\",\"width\":4800,\"height\":1200,\"caption\":\"Immigration Institute of the Bay Area (IIBA)\"},\"image\":{\"@id\":\"https:\\\/\\\/iibayarea.org\\\/es\\\/#\\\/schema\\\/logo\\\/image\\\/\"},\"sameAs\":[\"https:\\\/\\\/facebook.com\\\/iiba1918\",\"https:\\\/\\\/x.com\\\/IIBA1918\",\"https:\\\/\\\/www.instagram.com\\\/iiba1918\\\/\",\"https:\\\/\\\/www.linkedin.com\\\/company\\\/international-institute-of-the-bay-area\"]},{\"@type\":\"Person\",\"@id\":\"https:\\\/\\\/iibayarea.org\\\/es\\\/#\\\/schema\\\/person\\\/6bb932f4371a0161e2c62c8020fbb8da\",\"name\":\"Isabella Alvarenga\",\"image\":{\"@type\":\"ImageObject\",\"inLanguage\":\"es\",\"@id\":\"https:\\\/\\\/secure.gravatar.com\\\/avatar\\\/b2bd89dff5e8c2c4c3b119a8ea4e74bc044ce45fbe306c48486759f8294a661d?s=96&d=mm&r=g\",\"url\":\"https:\\\/\\\/secure.gravatar.com\\\/avatar\\\/b2bd89dff5e8c2c4c3b119a8ea4e74bc044ce45fbe306c48486759f8294a661d?s=96&d=mm&r=g\",\"contentUrl\":\"https:\\\/\\\/secure.gravatar.com\\\/avatar\\\/b2bd89dff5e8c2c4c3b119a8ea4e74bc044ce45fbe306c48486759f8294a661d?s=96&d=mm&r=g\",\"caption\":\"Isabella Alvarenga\"},\"url\":\"https:\\\/\\\/iibayarea.org\\\/es\\\/author\\\/isabella\\\/\"}]}<\/script>\n<!-- \/ Yoast SEO plugin. -->","yoast_head_json":{"title":"Personal del IIBA: Diamante Rueda | Immigration Institute of the Bay Area","robots":{"index":"index","follow":"follow","max-snippet":"max-snippet:-1","max-image-preview":"max-image-preview:large","max-video-preview":"max-video-preview:-1"},"canonical":"https:\/\/iibayarea.org\/es\/immigrant-voices-es\/personal-del-iiba-diamante-rueda\/","og_locale":"es_ES","og_type":"article","og_title":"Personal del IIBA: Diamante Rueda | Immigration Institute of the Bay Area","og_description":"Diamante es la Coordinadora de Asistencia Jur\u00eddica de la oficina del IIBA en Redwood City y educa a la comunidad inmigrante sobre sus derechos constitucionales. Tambi\u00e9n trabaja en diversos casos de inmigraci\u00f3n y coordina el programa DACA. Diamante eligi\u00f3 el IIBA porque le apasiona defender a la comunidad inmigrante.","og_url":"https:\/\/iibayarea.org\/es\/immigrant-voices-es\/personal-del-iiba-diamante-rueda\/","og_site_name":"Immigration Institute of the Bay Area","article_publisher":"https:\/\/facebook.com\/iiba1918","article_published_time":"2017-07-25T20:12:39+00:00","article_modified_time":"2025-11-14T00:17:38+00:00","og_image":[{"width":300,"height":300,"url":"https:\/\/iibayarea.org\/wp-content\/uploads\/2017\/07\/diamante.jpg","type":"image\/jpeg"}],"author":"Isabella Alvarenga","twitter_card":"summary_large_image","twitter_creator":"@IIBA1918","twitter_site":"@IIBA1918","twitter_misc":{"Escrito por":"Isabella Alvarenga","Tiempo de lectura":"1 minuto"},"schema":{"@context":"https:\/\/schema.org","@graph":[{"@type":"Article","@id":"https:\/\/iibayarea.org\/es\/immigrant-voices-es\/personal-del-iiba-diamante-rueda\/#article","isPartOf":{"@id":"https:\/\/iibayarea.org\/es\/immigrant-voices-es\/personal-del-iiba-diamante-rueda\/"},"author":{"name":"Isabella Alvarenga","@id":"https:\/\/iibayarea.org\/es\/#\/schema\/person\/6bb932f4371a0161e2c62c8020fbb8da"},"headline":"Personal del IIBA: Diamante Rueda","datePublished":"2017-07-25T20:12:39+00:00","dateModified":"2025-11-14T00:17:38+00:00","mainEntityOfPage":{"@id":"https:\/\/iibayarea.org\/es\/immigrant-voices-es\/personal-del-iiba-diamante-rueda\/"},"wordCount":160,"publisher":{"@id":"https:\/\/iibayarea.org\/es\/#organization"},"image":{"@id":"https:\/\/iibayarea.org\/es\/immigrant-voices-es\/personal-del-iiba-diamante-rueda\/#primaryimage"},"thumbnailUrl":"https:\/\/iibayarea.org\/wp-content\/uploads\/2017\/07\/diamante.jpg","keywords":["Coordinador de divulgaci\u00f3n","DACA","IIBA","Personal del IIBA"],"articleSection":["Immigrant Voices"],"inLanguage":"es"},{"@type":"WebPage","@id":"https:\/\/iibayarea.org\/es\/immigrant-voices-es\/personal-del-iiba-diamante-rueda\/","url":"https:\/\/iibayarea.org\/es\/immigrant-voices-es\/personal-del-iiba-diamante-rueda\/","name":"Personal del IIBA: Diamante Rueda | Immigration Institute of the Bay Area","isPartOf":{"@id":"https:\/\/iibayarea.org\/es\/#website"},"primaryImageOfPage":{"@id":"https:\/\/iibayarea.org\/es\/immigrant-voices-es\/personal-del-iiba-diamante-rueda\/#primaryimage"},"image":{"@id":"https:\/\/iibayarea.org\/es\/immigrant-voices-es\/personal-del-iiba-diamante-rueda\/#primaryimage"},"thumbnailUrl":"https:\/\/iibayarea.org\/wp-content\/uploads\/2017\/07\/diamante.jpg","datePublished":"2017-07-25T20:12:39+00:00","dateModified":"2025-11-14T00:17:38+00:00","breadcrumb":{"@id":"https:\/\/iibayarea.org\/es\/immigrant-voices-es\/personal-del-iiba-diamante-rueda\/#breadcrumb"},"inLanguage":"es","potentialAction":[{"@type":"ReadAction","target":["https:\/\/iibayarea.org\/es\/immigrant-voices-es\/personal-del-iiba-diamante-rueda\/"]}]},{"@type":"ImageObject","inLanguage":"es","@id":"https:\/\/iibayarea.org\/es\/immigrant-voices-es\/personal-del-iiba-diamante-rueda\/#primaryimage","url":"https:\/\/iibayarea.org\/wp-content\/uploads\/2017\/07\/diamante.jpg","contentUrl":"https:\/\/iibayarea.org\/wp-content\/uploads\/2017\/07\/diamante.jpg","width":300,"height":300},{"@type":"BreadcrumbList","@id":"https:\/\/iibayarea.org\/es\/immigrant-voices-es\/personal-del-iiba-diamante-rueda\/#breadcrumb","itemListElement":[{"@type":"ListItem","position":1,"name":"Home","item":"https:\/\/iibayarea.org\/es\/"},{"@type":"ListItem","position":2,"name":"Personal del IIBA: Diamante Rueda"}]},{"@type":"WebSite","@id":"https:\/\/iibayarea.org\/es\/#website","url":"https:\/\/iibayarea.org\/es\/","name":"Immigration Institute of the Bay Area","description":"a nonprofit providing immigration legal services","publisher":{"@id":"https:\/\/iibayarea.org\/es\/#organization"},"potentialAction":[{"@type":"SearchAction","target":{"@type":"EntryPoint","urlTemplate":"https:\/\/iibayarea.org\/es\/?s={search_term_string}"},"query-input":{"@type":"PropertyValueSpecification","valueRequired":true,"valueName":"search_term_string"}}],"inLanguage":"es"},{"@type":"Organization","@id":"https:\/\/iibayarea.org\/es\/#organization","name":"Immigration Institute of the Bay Area (IIBA)","url":"https:\/\/iibayarea.org\/es\/","logo":{"@type":"ImageObject","inLanguage":"es","@id":"https:\/\/iibayarea.org\/es\/#\/schema\/logo\/image\/","url":"https:\/\/iibayarea.org\/wp-content\/uploads\/2022\/06\/Logo_Full_Name.png","contentUrl":"https:\/\/iibayarea.org\/wp-content\/uploads\/2022\/06\/Logo_Full_Name.png","width":4800,"height":1200,"caption":"Immigration Institute of the Bay Area (IIBA)"},"image":{"@id":"https:\/\/iibayarea.org\/es\/#\/schema\/logo\/image\/"},"sameAs":["https:\/\/facebook.com\/iiba1918","https:\/\/x.com\/IIBA1918","https:\/\/www.instagram.com\/iiba1918\/","https:\/\/www.linkedin.com\/company\/international-institute-of-the-bay-area"]},{"@type":"Person","@id":"https:\/\/iibayarea.org\/es\/#\/schema\/person\/6bb932f4371a0161e2c62c8020fbb8da","name":"Isabella Alvarenga","image":{"@type":"ImageObject","inLanguage":"es","@id":"https:\/\/secure.gravatar.com\/avatar\/b2bd89dff5e8c2c4c3b119a8ea4e74bc044ce45fbe306c48486759f8294a661d?s=96&d=mm&r=g","url":"https:\/\/secure.gravatar.com\/avatar\/b2bd89dff5e8c2c4c3b119a8ea4e74bc044ce45fbe306c48486759f8294a661d?s=96&d=mm&r=g","contentUrl":"https:\/\/secure.gravatar.com\/avatar\/b2bd89dff5e8c2c4c3b119a8ea4e74bc044ce45fbe306c48486759f8294a661d?s=96&d=mm&r=g","caption":"Isabella Alvarenga"},"url":"https:\/\/iibayarea.org\/es\/author\/isabella\/"}]}},"_links":{"self":[{"href":"https:\/\/iibayarea.org\/es\/wp-json\/wp\/v2\/posts\/12924","targetHints":{"allow":["GET"]}}],"collection":[{"href":"https:\/\/iibayarea.org\/es\/wp-json\/wp\/v2\/posts"}],"about":[{"href":"https:\/\/iibayarea.org\/es\/wp-json\/wp\/v2\/types\/post"}],"author":[{"embeddable":true,"href":"https:\/\/iibayarea.org\/es\/wp-json\/wp\/v2\/users\/3"}],"replies":[{"embeddable":true,"href":"https:\/\/iibayarea.org\/es\/wp-json\/wp\/v2\/comments?post=12924"}],"version-history":[{"count":0,"href":"https:\/\/iibayarea.org\/es\/wp-json\/wp\/v2\/posts\/12924\/revisions"}],"wp:featuredmedia":[{"embeddable":true,"href":"https:\/\/iibayarea.org\/es\/wp-json\/wp\/v2\/media\/8402"}],"wp:attachment":[{"href":"https:\/\/iibayarea.org\/es\/wp-json\/wp\/v2\/media?parent=12924"}],"wp:term":[{"taxonomy":"category","embeddable":true,"href":"https:\/\/iibayarea.org\/es\/wp-json\/wp\/v2\/categories?post=12924"},{"taxonomy":"post_tag","embeddable":true,"href":"https:\/\/iibayarea.org\/es\/wp-json\/wp\/v2\/tags?post=12924"},{"taxonomy":"region","embeddable":true,"href":"https:\/\/iibayarea.org\/es\/wp-json\/wp\/v2\/region?post=12924"}],"curies":[{"name":"wp","href":"https:\/\/api.w.org\/{rel}","templated":true}]}}