{"id":12955,"date":"2022-06-15T10:54:42","date_gmt":"2022-06-15T17:54:42","guid":{"rendered":"https:\/\/iibayarea.local\/celebrando-10-anos-de-daca\/"},"modified":"2025-11-13T16:23:12","modified_gmt":"2025-11-14T00:23:12","slug":"celebrando-10-anos-de-daca","status":"publish","type":"post","link":"https:\/\/iibayarea.org\/es\/immigrant-voices-es\/celebrando-10-anos-de-daca\/","title":{"rendered":"Celebrando 10 a\u00f1os de DACA"},"content":{"rendered":"\n<p>El 15 de junio de 2022 se cumplen 10 a\u00f1os de la Acci\u00f3n Diferida para los Llegados en la Infancia (DACA), un programa que ha cambiado la vida de m\u00e1s de 800.000 j\u00f3venes inmigrantes.<\/p>\n\n<p>Con la protecci\u00f3n frente a la deportaci\u00f3n y la posibilidad de trabajar legalmente, los beneficiarios de DACA han podido conseguir mejores oportunidades educativas y laborales, mantener a sus seres queridos y echar ra\u00edces m\u00e1s profundas en sus comunidades. \u00danete a nosotros en la celebraci\u00f3n de este hito leyendo sobre el impacto de DACA en algunos de los incre\u00edbles clientes del IIBA: <\/p>\n\n<hr class=\"wp-block-separator\"\/>\n\n<div class=\"wp-block-image is-style-rounded\"><figure class=\"alignleft size-medium is-resized\"><img decoding=\"async\" src=\"https:\/\/iibayarea.org\/wp-content\/uploads\/2022\/06\/Atziry-Aguilar-512x512.png\" alt=\"\" class=\"wp-image-10573\" width=\"200\" srcset=\"https:\/\/iibayarea.org\/wp-content\/uploads\/2022\/06\/Atziry-Aguilar-512x512.png 512w, https:\/\/iibayarea.org\/wp-content\/uploads\/2022\/06\/Atziry-Aguilar-150x150.png 150w, https:\/\/iibayarea.org\/wp-content\/uploads\/2022\/06\/Atziry-Aguilar-256x256.png 256w, https:\/\/iibayarea.org\/wp-content\/uploads\/2022\/06\/Atziry-Aguilar.png 600w\" sizes=\"(max-width: 512px) 100vw, 512px\" \/><\/figure><\/div>\n\n<p><em><strong>Atziry<\/strong> es madre soltera y estudiante universitaria que actualmente estudia Sociolog\u00eda. Es originaria de M\u00e9xico, pero ha vivido en el \u00c1rea de la Bah\u00eda la mayor parte de su vida.   <\/em><\/p>\n\n<p>\u00abDACA me ha hecho tener mucha m\u00e1s esperanza en mi futuro. Me ha permitido ampliar mi entorno con la gente que he conocido y las cosas que he experimentado. Espero poder estar aqu\u00ed durante los hitos de mi hija y apoyarla econ\u00f3micamente para asegurarme de que crezca de forma diferente a como yo crec\u00ed.\u00bb<\/p>\n\n<hr class=\"wp-block-separator\"\/>\n\n<div class=\"wp-block-image is-style-rounded\"><figure class=\"alignleft size-large is-resized\"><img loading=\"lazy\" decoding=\"async\" src=\"https:\/\/iibayarea.org\/wp-content\/uploads\/2022\/06\/Axel-edited.jpeg\" alt=\"Axel\" class=\"wp-image-10571\" width=\"200\" height=\"200\" srcset=\"https:\/\/iibayarea.org\/wp-content\/uploads\/2022\/06\/Axel-edited.jpeg 1125w, https:\/\/iibayarea.org\/wp-content\/uploads\/2022\/06\/Axel-edited-512x512.jpeg 512w, https:\/\/iibayarea.org\/wp-content\/uploads\/2022\/06\/Axel-edited-1024x1024.jpeg 1024w, https:\/\/iibayarea.org\/wp-content\/uploads\/2022\/06\/Axel-edited-150x150.jpeg 150w, https:\/\/iibayarea.org\/wp-content\/uploads\/2022\/06\/Axel-edited-768x768.jpeg 768w, https:\/\/iibayarea.org\/wp-content\/uploads\/2022\/06\/Axel-edited-256x256.jpeg 256w, https:\/\/iibayarea.org\/wp-content\/uploads\/2022\/06\/Axel-edited-999x999.jpeg 999w\" sizes=\"auto, (max-width: 200px) 100vw, 200px\" \/><\/figure><\/div>\n\n<p><em><strong>Axel<\/strong> es un aspirante a dise\u00f1ador de juegos y estudiante universitario en la Academy of Art University. Vive en California desde hace m\u00e1s de 17 a\u00f1os. <\/em><\/p>\n\n<p>\u00abSinceramente, DACA me ha ayudado mucho, en cuanto al permiso de trabajo. Aqu\u00ed es caro y muchas de las cosas que tengo son del dinero que gan\u00e9 trabajando. No recibimos ayuda econ\u00f3mica ni becas como otros estudiantes, pero de todas formas DACA nos ha ayudado a salir adelante. Llevamos muchos a\u00f1os viviendo aqu\u00ed y s\u00f3lo queremos las mismas oportunidades que otras personas que nacieron aqu\u00ed, en Estados Unidos.\u00bb<\/p>\n\n<hr class=\"wp-block-separator\"\/>\n\n<div class=\"wp-block-image is-style-rounded\"><figure class=\"alignleft size-medium is-resized\"><img loading=\"lazy\" decoding=\"async\" src=\"https:\/\/iibayarea.org\/wp-content\/uploads\/2022\/06\/Valeria-Fuentes-Garcia-512x512.png\" alt=\"\" class=\"wp-image-10575\" width=\"200\" height=\"200\" srcset=\"https:\/\/iibayarea.org\/wp-content\/uploads\/2022\/06\/Valeria-Fuentes-Garcia-512x512.png 512w, https:\/\/iibayarea.org\/wp-content\/uploads\/2022\/06\/Valeria-Fuentes-Garcia-150x150.png 150w, https:\/\/iibayarea.org\/wp-content\/uploads\/2022\/06\/Valeria-Fuentes-Garcia-256x256.png 256w, https:\/\/iibayarea.org\/wp-content\/uploads\/2022\/06\/Valeria-Fuentes-Garcia.png 600w\" sizes=\"auto, (max-width: 200px) 100vw, 200px\" \/><\/figure><\/div>\n\n<p><em><strong>Valeria <\/strong>vive en Estados Unidos desde hace 20 a\u00f1os. Se est\u00e1 especializando en ciencias cognitivas y cursa el pen\u00faltimo a\u00f1o en la UC Santa Cruz. <\/em><\/p>\n\n<p>\u00abSinceramente, ha sido una oportunidad incre\u00edble. Con DACA, he podido trabajar en pr\u00e1cticas durante el verano. Esas oportunidades han sido \u00fatiles porque con ese dinero consigo ser m\u00e1s independiente. S\u00e9 que ser\u00e1 duro pasar a la edad adulta, pero estoy deseando que llegue ese momento y mi viaje para convertirme en dentista.\u00bb<\/p>\n\n<hr class=\"wp-block-separator\"\/>\n\n<p><\/p>\n","protected":false},"excerpt":{"rendered":"<p>10 a\u00f1os de DACA. \u00danete a nosotros en la celebraci\u00f3n de este hito leyendo sobre el impacto de DACA en algunos de los incre\u00edbles clientes del IIBA. <\/p>\n","protected":false},"author":15,"featured_media":10582,"comment_status":"closed","ping_status":"open","sticky":false,"template":"","format":"standard","meta":{"_acf_changed":false,"footnotes":""},"categories":[1471],"tags":[],"region":[],"class_list":["post-12955","post","type-post","status-publish","format-standard","has-post-thumbnail","hentry","category-immigrant-voices-es"],"acf":[],"featured_image_urls_v2":{"full":["https:\/\/iibayarea.org\/wp-content\/uploads\/2022\/06\/DACA-Anniversary-Blog-Feature-Image-1.png",1320,847,false],"thumbnail":["https:\/\/iibayarea.org\/wp-content\/uploads\/2022\/06\/DACA-Anniversary-Blog-Feature-Image-1-150x96.png",150,96,true],"medium":["https:\/\/iibayarea.org\/wp-content\/uploads\/2022\/06\/DACA-Anniversary-Blog-Feature-Image-1-512x329.png",512,329,true],"medium_large":["https:\/\/iibayarea.org\/wp-content\/uploads\/2022\/06\/DACA-Anniversary-Blog-Feature-Image-1-768x493.png",768,493,true],"large":["https:\/\/iibayarea.org\/wp-content\/uploads\/2022\/06\/DACA-Anniversary-Blog-Feature-Image-1-1024x657.png",1024,657,true],"1536x1536":["https:\/\/iibayarea.org\/wp-content\/uploads\/2022\/06\/DACA-Anniversary-Blog-Feature-Image-1.png",1320,847,false],"2048x2048":["https:\/\/iibayarea.org\/wp-content\/uploads\/2022\/06\/DACA-Anniversary-Blog-Feature-Image-1.png",1320,847,false],"gform-image-choice-sm":["https:\/\/iibayarea.org\/wp-content\/uploads\/2022\/06\/DACA-Anniversary-Blog-Feature-Image-1.png",300,193,false],"gform-image-choice-md":["https:\/\/iibayarea.org\/wp-content\/uploads\/2022\/06\/DACA-Anniversary-Blog-Feature-Image-1.png",400,257,false],"gform-image-choice-lg":["https:\/\/iibayarea.org\/wp-content\/uploads\/2022\/06\/DACA-Anniversary-Blog-Feature-Image-1.png",600,385,false]},"post_excerpt_stackable_v2":"<p>10 a\u00f1os de DACA. \u00danete a nosotros en la celebraci\u00f3n de este hito leyendo sobre el impacto de DACA en algunos de los incre\u00edbles clientes del IIBA. <\/p>\n","category_list_v2":"<a href=\"https:\/\/iibayarea.org\/es\/categoria\/immigrant-voices-es\/\" rel=\"category tag\">Immigrant Voices<\/a>","author_info_v2":{"name":"Binh Ngo","url":"https:\/\/iibayarea.org\/es\/author\/binhngo\/"},"comments_num_v2":"0 comentarios","yoast_head":"<!-- This site is optimized with the Yoast SEO plugin v27.5 - https:\/\/yoast.com\/product\/yoast-seo-wordpress\/ -->\n<title>Celebrando 10 a\u00f1os de DACA | Immigration Institute of the Bay Area<\/title>\n<meta name=\"description\" content=\"10 a\u00f1os de DACA. \u00danete a nosotros en la celebraci\u00f3n de este hito leyendo sobre el impacto de DACA en algunos de los incre\u00edbles clientes del IIBA.\" \/>\n<meta name=\"robots\" content=\"index, follow, max-snippet:-1, max-image-preview:large, max-video-preview:-1\" \/>\n<link rel=\"canonical\" href=\"https:\/\/iibayarea.org\/es\/immigrant-voices-es\/celebrando-10-anos-de-daca\/\" \/>\n<meta property=\"og:locale\" content=\"es_ES\" \/>\n<meta property=\"og:type\" content=\"article\" \/>\n<meta property=\"og:title\" content=\"Celebrando 10 a\u00f1os de DACA | Immigration Institute of the Bay Area\" \/>\n<meta property=\"og:description\" content=\"10 a\u00f1os de DACA. \u00danete a nosotros en la celebraci\u00f3n de este hito leyendo sobre el impacto de DACA en algunos de los incre\u00edbles clientes del IIBA.\" \/>\n<meta property=\"og:url\" content=\"https:\/\/iibayarea.org\/es\/immigrant-voices-es\/celebrando-10-anos-de-daca\/\" \/>\n<meta property=\"og:site_name\" content=\"Immigration Institute of the Bay Area\" \/>\n<meta property=\"article:publisher\" content=\"https:\/\/facebook.com\/iiba1918\" \/>\n<meta property=\"article:published_time\" content=\"2022-06-15T17:54:42+00:00\" \/>\n<meta property=\"article:modified_time\" content=\"2025-11-14T00:23:12+00:00\" \/>\n<meta property=\"og:image\" content=\"https:\/\/iibayarea.org\/wp-content\/uploads\/2022\/06\/DACA-Anniversary-Blog-Feature-Image-1.png\" \/>\n\t<meta property=\"og:image:width\" content=\"1320\" \/>\n\t<meta property=\"og:image:height\" content=\"847\" \/>\n\t<meta property=\"og:image:type\" content=\"image\/png\" \/>\n<meta name=\"author\" content=\"Binh Ngo\" \/>\n<meta name=\"twitter:card\" content=\"summary_large_image\" \/>\n<meta name=\"twitter:creator\" content=\"@IIBA1918\" \/>\n<meta name=\"twitter:site\" content=\"@IIBA1918\" \/>\n<meta name=\"twitter:label1\" content=\"Escrito por\" \/>\n\t<meta name=\"twitter:data1\" content=\"Binh Ngo\" \/>\n\t<meta name=\"twitter:label2\" content=\"Tiempo de lectura\" \/>\n\t<meta name=\"twitter:data2\" content=\"2 minutos\" \/>\n<script type=\"application\/ld+json\" class=\"yoast-schema-graph\">{\"@context\":\"https:\\\/\\\/schema.org\",\"@graph\":[{\"@type\":\"Article\",\"@id\":\"https:\\\/\\\/iibayarea.org\\\/es\\\/immigrant-voices-es\\\/celebrando-10-anos-de-daca\\\/#article\",\"isPartOf\":{\"@id\":\"https:\\\/\\\/iibayarea.org\\\/es\\\/immigrant-voices-es\\\/celebrando-10-anos-de-daca\\\/\"},\"author\":{\"name\":\"Binh Ngo\",\"@id\":\"https:\\\/\\\/iibayarea.org\\\/es\\\/#\\\/schema\\\/person\\\/8f70196d9c0243f91f2a722cfe2077ab\"},\"headline\":\"Celebrando 10 a\u00f1os de DACA\",\"datePublished\":\"2022-06-15T17:54:42+00:00\",\"dateModified\":\"2025-11-14T00:23:12+00:00\",\"mainEntityOfPage\":{\"@id\":\"https:\\\/\\\/iibayarea.org\\\/es\\\/immigrant-voices-es\\\/celebrando-10-anos-de-daca\\\/\"},\"wordCount\":376,\"publisher\":{\"@id\":\"https:\\\/\\\/iibayarea.org\\\/es\\\/#organization\"},\"image\":{\"@id\":\"https:\\\/\\\/iibayarea.org\\\/es\\\/immigrant-voices-es\\\/celebrando-10-anos-de-daca\\\/#primaryimage\"},\"thumbnailUrl\":\"https:\\\/\\\/iibayarea.org\\\/wp-content\\\/uploads\\\/2022\\\/06\\\/DACA-Anniversary-Blog-Feature-Image-1.png\",\"articleSection\":[\"Immigrant Voices\"],\"inLanguage\":\"es\"},{\"@type\":\"WebPage\",\"@id\":\"https:\\\/\\\/iibayarea.org\\\/es\\\/immigrant-voices-es\\\/celebrando-10-anos-de-daca\\\/\",\"url\":\"https:\\\/\\\/iibayarea.org\\\/es\\\/immigrant-voices-es\\\/celebrando-10-anos-de-daca\\\/\",\"name\":\"Celebrando 10 a\u00f1os de DACA | Immigration Institute of the Bay Area\",\"isPartOf\":{\"@id\":\"https:\\\/\\\/iibayarea.org\\\/es\\\/#website\"},\"primaryImageOfPage\":{\"@id\":\"https:\\\/\\\/iibayarea.org\\\/es\\\/immigrant-voices-es\\\/celebrando-10-anos-de-daca\\\/#primaryimage\"},\"image\":{\"@id\":\"https:\\\/\\\/iibayarea.org\\\/es\\\/immigrant-voices-es\\\/celebrando-10-anos-de-daca\\\/#primaryimage\"},\"thumbnailUrl\":\"https:\\\/\\\/iibayarea.org\\\/wp-content\\\/uploads\\\/2022\\\/06\\\/DACA-Anniversary-Blog-Feature-Image-1.png\",\"datePublished\":\"2022-06-15T17:54:42+00:00\",\"dateModified\":\"2025-11-14T00:23:12+00:00\",\"description\":\"10 a\u00f1os de DACA. \u00danete a nosotros en la celebraci\u00f3n de este hito leyendo sobre el impacto de DACA en algunos de los incre\u00edbles clientes del IIBA.\",\"breadcrumb\":{\"@id\":\"https:\\\/\\\/iibayarea.org\\\/es\\\/immigrant-voices-es\\\/celebrando-10-anos-de-daca\\\/#breadcrumb\"},\"inLanguage\":\"es\",\"potentialAction\":[{\"@type\":\"ReadAction\",\"target\":[\"https:\\\/\\\/iibayarea.org\\\/es\\\/immigrant-voices-es\\\/celebrando-10-anos-de-daca\\\/\"]}]},{\"@type\":\"ImageObject\",\"inLanguage\":\"es\",\"@id\":\"https:\\\/\\\/iibayarea.org\\\/es\\\/immigrant-voices-es\\\/celebrando-10-anos-de-daca\\\/#primaryimage\",\"url\":\"https:\\\/\\\/iibayarea.org\\\/wp-content\\\/uploads\\\/2022\\\/06\\\/DACA-Anniversary-Blog-Feature-Image-1.png\",\"contentUrl\":\"https:\\\/\\\/iibayarea.org\\\/wp-content\\\/uploads\\\/2022\\\/06\\\/DACA-Anniversary-Blog-Feature-Image-1.png\",\"width\":1320,\"height\":847},{\"@type\":\"BreadcrumbList\",\"@id\":\"https:\\\/\\\/iibayarea.org\\\/es\\\/immigrant-voices-es\\\/celebrando-10-anos-de-daca\\\/#breadcrumb\",\"itemListElement\":[{\"@type\":\"ListItem\",\"position\":1,\"name\":\"Home\",\"item\":\"https:\\\/\\\/iibayarea.org\\\/es\\\/\"},{\"@type\":\"ListItem\",\"position\":2,\"name\":\"Celebrando 10 a\u00f1os de DACA\"}]},{\"@type\":\"WebSite\",\"@id\":\"https:\\\/\\\/iibayarea.org\\\/es\\\/#website\",\"url\":\"https:\\\/\\\/iibayarea.org\\\/es\\\/\",\"name\":\"Immigration Institute of the Bay Area\",\"description\":\"a nonprofit providing immigration legal services\",\"publisher\":{\"@id\":\"https:\\\/\\\/iibayarea.org\\\/es\\\/#organization\"},\"potentialAction\":[{\"@type\":\"SearchAction\",\"target\":{\"@type\":\"EntryPoint\",\"urlTemplate\":\"https:\\\/\\\/iibayarea.org\\\/es\\\/?s={search_term_string}\"},\"query-input\":{\"@type\":\"PropertyValueSpecification\",\"valueRequired\":true,\"valueName\":\"search_term_string\"}}],\"inLanguage\":\"es\"},{\"@type\":\"Organization\",\"@id\":\"https:\\\/\\\/iibayarea.org\\\/es\\\/#organization\",\"name\":\"Immigration Institute of the Bay Area (IIBA)\",\"url\":\"https:\\\/\\\/iibayarea.org\\\/es\\\/\",\"logo\":{\"@type\":\"ImageObject\",\"inLanguage\":\"es\",\"@id\":\"https:\\\/\\\/iibayarea.org\\\/es\\\/#\\\/schema\\\/logo\\\/image\\\/\",\"url\":\"https:\\\/\\\/iibayarea.org\\\/wp-content\\\/uploads\\\/2022\\\/06\\\/Logo_Full_Name.png\",\"contentUrl\":\"https:\\\/\\\/iibayarea.org\\\/wp-content\\\/uploads\\\/2022\\\/06\\\/Logo_Full_Name.png\",\"width\":4800,\"height\":1200,\"caption\":\"Immigration Institute of the Bay Area (IIBA)\"},\"image\":{\"@id\":\"https:\\\/\\\/iibayarea.org\\\/es\\\/#\\\/schema\\\/logo\\\/image\\\/\"},\"sameAs\":[\"https:\\\/\\\/facebook.com\\\/iiba1918\",\"https:\\\/\\\/x.com\\\/IIBA1918\",\"https:\\\/\\\/www.instagram.com\\\/iiba1918\\\/\",\"https:\\\/\\\/www.linkedin.com\\\/company\\\/international-institute-of-the-bay-area\"]},{\"@type\":\"Person\",\"@id\":\"https:\\\/\\\/iibayarea.org\\\/es\\\/#\\\/schema\\\/person\\\/8f70196d9c0243f91f2a722cfe2077ab\",\"name\":\"Binh Ngo\",\"image\":{\"@type\":\"ImageObject\",\"inLanguage\":\"es\",\"@id\":\"https:\\\/\\\/secure.gravatar.com\\\/avatar\\\/3aee538e80d503a1e0c3e61c34dd29d6a283e8e883711fcf419b76617c056738?s=96&d=mm&r=g\",\"url\":\"https:\\\/\\\/secure.gravatar.com\\\/avatar\\\/3aee538e80d503a1e0c3e61c34dd29d6a283e8e883711fcf419b76617c056738?s=96&d=mm&r=g\",\"contentUrl\":\"https:\\\/\\\/secure.gravatar.com\\\/avatar\\\/3aee538e80d503a1e0c3e61c34dd29d6a283e8e883711fcf419b76617c056738?s=96&d=mm&r=g\",\"caption\":\"Binh Ngo\"},\"url\":\"https:\\\/\\\/iibayarea.org\\\/es\\\/author\\\/binhngo\\\/\"}]}<\/script>\n<!-- \/ Yoast SEO plugin. -->","yoast_head_json":{"title":"Celebrando 10 a\u00f1os de DACA | Immigration Institute of the Bay Area","description":"10 a\u00f1os de DACA. \u00danete a nosotros en la celebraci\u00f3n de este hito leyendo sobre el impacto de DACA en algunos de los incre\u00edbles clientes del IIBA.","robots":{"index":"index","follow":"follow","max-snippet":"max-snippet:-1","max-image-preview":"max-image-preview:large","max-video-preview":"max-video-preview:-1"},"canonical":"https:\/\/iibayarea.org\/es\/immigrant-voices-es\/celebrando-10-anos-de-daca\/","og_locale":"es_ES","og_type":"article","og_title":"Celebrando 10 a\u00f1os de DACA | Immigration Institute of the Bay Area","og_description":"10 a\u00f1os de DACA. \u00danete a nosotros en la celebraci\u00f3n de este hito leyendo sobre el impacto de DACA en algunos de los incre\u00edbles clientes del IIBA.","og_url":"https:\/\/iibayarea.org\/es\/immigrant-voices-es\/celebrando-10-anos-de-daca\/","og_site_name":"Immigration Institute of the Bay Area","article_publisher":"https:\/\/facebook.com\/iiba1918","article_published_time":"2022-06-15T17:54:42+00:00","article_modified_time":"2025-11-14T00:23:12+00:00","og_image":[{"width":1320,"height":847,"url":"https:\/\/iibayarea.org\/wp-content\/uploads\/2022\/06\/DACA-Anniversary-Blog-Feature-Image-1.png","type":"image\/png"}],"author":"Binh Ngo","twitter_card":"summary_large_image","twitter_creator":"@IIBA1918","twitter_site":"@IIBA1918","twitter_misc":{"Escrito por":"Binh Ngo","Tiempo de lectura":"2 minutos"},"schema":{"@context":"https:\/\/schema.org","@graph":[{"@type":"Article","@id":"https:\/\/iibayarea.org\/es\/immigrant-voices-es\/celebrando-10-anos-de-daca\/#article","isPartOf":{"@id":"https:\/\/iibayarea.org\/es\/immigrant-voices-es\/celebrando-10-anos-de-daca\/"},"author":{"name":"Binh Ngo","@id":"https:\/\/iibayarea.org\/es\/#\/schema\/person\/8f70196d9c0243f91f2a722cfe2077ab"},"headline":"Celebrando 10 a\u00f1os de DACA","datePublished":"2022-06-15T17:54:42+00:00","dateModified":"2025-11-14T00:23:12+00:00","mainEntityOfPage":{"@id":"https:\/\/iibayarea.org\/es\/immigrant-voices-es\/celebrando-10-anos-de-daca\/"},"wordCount":376,"publisher":{"@id":"https:\/\/iibayarea.org\/es\/#organization"},"image":{"@id":"https:\/\/iibayarea.org\/es\/immigrant-voices-es\/celebrando-10-anos-de-daca\/#primaryimage"},"thumbnailUrl":"https:\/\/iibayarea.org\/wp-content\/uploads\/2022\/06\/DACA-Anniversary-Blog-Feature-Image-1.png","articleSection":["Immigrant Voices"],"inLanguage":"es"},{"@type":"WebPage","@id":"https:\/\/iibayarea.org\/es\/immigrant-voices-es\/celebrando-10-anos-de-daca\/","url":"https:\/\/iibayarea.org\/es\/immigrant-voices-es\/celebrando-10-anos-de-daca\/","name":"Celebrando 10 a\u00f1os de DACA | Immigration Institute of the Bay Area","isPartOf":{"@id":"https:\/\/iibayarea.org\/es\/#website"},"primaryImageOfPage":{"@id":"https:\/\/iibayarea.org\/es\/immigrant-voices-es\/celebrando-10-anos-de-daca\/#primaryimage"},"image":{"@id":"https:\/\/iibayarea.org\/es\/immigrant-voices-es\/celebrando-10-anos-de-daca\/#primaryimage"},"thumbnailUrl":"https:\/\/iibayarea.org\/wp-content\/uploads\/2022\/06\/DACA-Anniversary-Blog-Feature-Image-1.png","datePublished":"2022-06-15T17:54:42+00:00","dateModified":"2025-11-14T00:23:12+00:00","description":"10 a\u00f1os de DACA. \u00danete a nosotros en la celebraci\u00f3n de este hito leyendo sobre el impacto de DACA en algunos de los incre\u00edbles clientes del IIBA.","breadcrumb":{"@id":"https:\/\/iibayarea.org\/es\/immigrant-voices-es\/celebrando-10-anos-de-daca\/#breadcrumb"},"inLanguage":"es","potentialAction":[{"@type":"ReadAction","target":["https:\/\/iibayarea.org\/es\/immigrant-voices-es\/celebrando-10-anos-de-daca\/"]}]},{"@type":"ImageObject","inLanguage":"es","@id":"https:\/\/iibayarea.org\/es\/immigrant-voices-es\/celebrando-10-anos-de-daca\/#primaryimage","url":"https:\/\/iibayarea.org\/wp-content\/uploads\/2022\/06\/DACA-Anniversary-Blog-Feature-Image-1.png","contentUrl":"https:\/\/iibayarea.org\/wp-content\/uploads\/2022\/06\/DACA-Anniversary-Blog-Feature-Image-1.png","width":1320,"height":847},{"@type":"BreadcrumbList","@id":"https:\/\/iibayarea.org\/es\/immigrant-voices-es\/celebrando-10-anos-de-daca\/#breadcrumb","itemListElement":[{"@type":"ListItem","position":1,"name":"Home","item":"https:\/\/iibayarea.org\/es\/"},{"@type":"ListItem","position":2,"name":"Celebrando 10 a\u00f1os de DACA"}]},{"@type":"WebSite","@id":"https:\/\/iibayarea.org\/es\/#website","url":"https:\/\/iibayarea.org\/es\/","name":"Immigration Institute of the Bay Area","description":"a nonprofit providing immigration legal services","publisher":{"@id":"https:\/\/iibayarea.org\/es\/#organization"},"potentialAction":[{"@type":"SearchAction","target":{"@type":"EntryPoint","urlTemplate":"https:\/\/iibayarea.org\/es\/?s={search_term_string}"},"query-input":{"@type":"PropertyValueSpecification","valueRequired":true,"valueName":"search_term_string"}}],"inLanguage":"es"},{"@type":"Organization","@id":"https:\/\/iibayarea.org\/es\/#organization","name":"Immigration Institute of the Bay Area (IIBA)","url":"https:\/\/iibayarea.org\/es\/","logo":{"@type":"ImageObject","inLanguage":"es","@id":"https:\/\/iibayarea.org\/es\/#\/schema\/logo\/image\/","url":"https:\/\/iibayarea.org\/wp-content\/uploads\/2022\/06\/Logo_Full_Name.png","contentUrl":"https:\/\/iibayarea.org\/wp-content\/uploads\/2022\/06\/Logo_Full_Name.png","width":4800,"height":1200,"caption":"Immigration Institute of the Bay Area (IIBA)"},"image":{"@id":"https:\/\/iibayarea.org\/es\/#\/schema\/logo\/image\/"},"sameAs":["https:\/\/facebook.com\/iiba1918","https:\/\/x.com\/IIBA1918","https:\/\/www.instagram.com\/iiba1918\/","https:\/\/www.linkedin.com\/company\/international-institute-of-the-bay-area"]},{"@type":"Person","@id":"https:\/\/iibayarea.org\/es\/#\/schema\/person\/8f70196d9c0243f91f2a722cfe2077ab","name":"Binh Ngo","image":{"@type":"ImageObject","inLanguage":"es","@id":"https:\/\/secure.gravatar.com\/avatar\/3aee538e80d503a1e0c3e61c34dd29d6a283e8e883711fcf419b76617c056738?s=96&d=mm&r=g","url":"https:\/\/secure.gravatar.com\/avatar\/3aee538e80d503a1e0c3e61c34dd29d6a283e8e883711fcf419b76617c056738?s=96&d=mm&r=g","contentUrl":"https:\/\/secure.gravatar.com\/avatar\/3aee538e80d503a1e0c3e61c34dd29d6a283e8e883711fcf419b76617c056738?s=96&d=mm&r=g","caption":"Binh Ngo"},"url":"https:\/\/iibayarea.org\/es\/author\/binhngo\/"}]}},"_links":{"self":[{"href":"https:\/\/iibayarea.org\/es\/wp-json\/wp\/v2\/posts\/12955","targetHints":{"allow":["GET"]}}],"collection":[{"href":"https:\/\/iibayarea.org\/es\/wp-json\/wp\/v2\/posts"}],"about":[{"href":"https:\/\/iibayarea.org\/es\/wp-json\/wp\/v2\/types\/post"}],"author":[{"embeddable":true,"href":"https:\/\/iibayarea.org\/es\/wp-json\/wp\/v2\/users\/15"}],"replies":[{"embeddable":true,"href":"https:\/\/iibayarea.org\/es\/wp-json\/wp\/v2\/comments?post=12955"}],"version-history":[{"count":0,"href":"https:\/\/iibayarea.org\/es\/wp-json\/wp\/v2\/posts\/12955\/revisions"}],"wp:featuredmedia":[{"embeddable":true,"href":"https:\/\/iibayarea.org\/es\/wp-json\/wp\/v2\/media\/10582"}],"wp:attachment":[{"href":"https:\/\/iibayarea.org\/es\/wp-json\/wp\/v2\/media?parent=12955"}],"wp:term":[{"taxonomy":"category","embeddable":true,"href":"https:\/\/iibayarea.org\/es\/wp-json\/wp\/v2\/categories?post=12955"},{"taxonomy":"post_tag","embeddable":true,"href":"https:\/\/iibayarea.org\/es\/wp-json\/wp\/v2\/tags?post=12955"},{"taxonomy":"region","embeddable":true,"href":"https:\/\/iibayarea.org\/es\/wp-json\/wp\/v2\/region?post=12955"}],"curies":[{"name":"wp","href":"https:\/\/api.w.org\/{rel}","templated":true}]}}